{"id":928,"date":"2025-09-03T00:09:15","date_gmt":"2025-09-03T00:09:15","guid":{"rendered":"https:\/\/miavision.tv\/?p=928"},"modified":"2025-09-11T00:10:47","modified_gmt":"2025-09-11T00:10:47","slug":"valbuena-valdez-capacitacion-continua-es-deber-y-obligacion-de-los-abogados","status":"publish","type":"post","link":"https:\/\/miavision.tv\/index.php\/2025\/09\/03\/valbuena-valdez-capacitacion-continua-es-deber-y-obligacion-de-los-abogados\/","title":{"rendered":"Valbuena Valdez: Capacitaci\u00f3n continua es deber y obligaci\u00f3n de los abogados"},"content":{"rendered":"\n<p>Miavision Puerto Plata. \u2013 La actualizaci\u00f3n acad\u00e9mica y profesional fue uno de los ejes abordados por Jos\u00e9 Ram\u00f3n Valbuena Valdez, presidente del Colegio de Abogados de la seccional Puerto Plata (CARD), durante la ENTREVISTA ESTELAR DE MIAVISI\u00d3N, conducida por Julio C\u00e9sar D\u00edaz en una producci\u00f3n de Miavisi\u00f3n Televisi\u00f3n Nacional e Internacional.<\/p>\n\n\n\n<p>Valbuena Valdez se\u00f1al\u00f3 que los constantes cambios legislativos y jurisprudenciales obligan a los abogados a mantenerse en un proceso permanente de aprendizaje. \u201cLa capacitaci\u00f3n continua no es solo un deber, es una obligaci\u00f3n de todo profesional del Derecho\u201d, enfatiz\u00f3.<\/p>\n\n\n\n<p>Explic\u00f3 que desde su gesti\u00f3n se han organizado al menos siete capacitaciones locales, adem\u00e1s del Congreso Internacional de Derecho, con el prop\u00f3sito de que los juristas puedan ejercer bajo los m\u00e1s altos est\u00e1ndares profesionales.<\/p>\n\n\n\n<p>Finalmente, indic\u00f3 que el Colegio de Abogados de Puerto Plata seguir\u00e1 fortaleciendo la formaci\u00f3n de sus miembros, ya que \u201cun abogado actualizado es un mejor garante de la justicia y un verdadero servidor de la sociedad\u201d.<\/p>\n","protected":false},"excerpt":{"rendered":"<p>Miavision Puerto Plata. \u2013 La actualizaci\u00f3n acad\u00e9mica y profesional fue uno de los ejes abordados por Jos\u00e9 Ram\u00f3n Valbuena Valdez, presidente del Colegio de Abogados de la seccional Puerto Plata (CARD), durante la ENTREVISTA ESTELAR DE MIAVISI\u00d3N, conducida por Julio C\u00e9sar D\u00edaz en una producci\u00f3n de Miavisi\u00f3n Televisi\u00f3n Nacional e Internacional. Valbuena Valdez se\u00f1al\u00f3 que [&hellip;]<\/p>\n","protected":false},"author":3,"featured_media":929,"comment_status":"open","ping_status":"open","sticky":false,"template":"","format":"standard","meta":{"footnotes":""},"categories":[5],"tags":[],"class_list":["post-928","post","type-post","status-publish","format-standard","has-post-thumbnail","hentry","category-miavision-puerto-plata"],"_links":{"self":[{"href":"https:\/\/miavision.tv\/index.php\/wp-json\/wp\/v2\/posts\/928","targetHints":{"allow":["GET"]}}],"collection":[{"href":"https:\/\/miavision.tv\/index.php\/wp-json\/wp\/v2\/posts"}],"about":[{"href":"https:\/\/miavision.tv\/index.php\/wp-json\/wp\/v2\/types\/post"}],"author":[{"embeddable":true,"href":"https:\/\/miavision.tv\/index.php\/wp-json\/wp\/v2\/users\/3"}],"replies":[{"embeddable":true,"href":"https:\/\/miavision.tv\/index.php\/wp-json\/wp\/v2\/comments?post=928"}],"version-history":[{"count":1,"href":"https:\/\/miavision.tv\/index.php\/wp-json\/wp\/v2\/posts\/928\/revisions"}],"predecessor-version":[{"id":930,"href":"https:\/\/miavision.tv\/index.php\/wp-json\/wp\/v2\/posts\/928\/revisions\/930"}],"wp:featuredmedia":[{"embeddable":true,"href":"https:\/\/miavision.tv\/index.php\/wp-json\/wp\/v2\/media\/929"}],"wp:attachment":[{"href":"https:\/\/miavision.tv\/index.php\/wp-json\/wp\/v2\/media?parent=928"}],"wp:term":[{"taxonomy":"category","embeddable":true,"href":"https:\/\/miavision.tv\/index.php\/wp-json\/wp\/v2\/categories?post=928"},{"taxonomy":"post_tag","embeddable":true,"href":"https:\/\/miavision.tv\/index.php\/wp-json\/wp\/v2\/tags?post=928"}],"curies":[{"name":"wp","href":"https:\/\/api.w.org\/{rel}","templated":true}]}}