{"id":925,"date":"2025-09-03T00:05:43","date_gmt":"2025-09-03T00:05:43","guid":{"rendered":"https:\/\/miavision.tv\/?p=925"},"modified":"2025-09-11T00:08:55","modified_gmt":"2025-09-11T00:08:55","slug":"colegio-de-abogados-de-puerto-plata-celebro-historicocongreso-internacional-de-derecho-revela-valbuena-valdez","status":"publish","type":"post","link":"https:\/\/miavision.tv\/index.php\/2025\/09\/03\/colegio-de-abogados-de-puerto-plata-celebro-historicocongreso-internacional-de-derecho-revela-valbuena-valdez\/","title":{"rendered":"COLEGIO DE ABOGADOS DE PUERTO PLATA CELEBR\u00d3 HIST\u00d3RICOCONGRESO INTERNACIONAL DE DERECHO, REVELA VALBUENA VALDEZ"},"content":{"rendered":"\n<p>Puerto Plata. \u2013 El presidente del Colegio de Abogados de la seccional Puerto Plata (CARD), Jos\u00e9 Ram\u00f3n Valbuena Valdez, resalt\u00f3 el \u00e9xito del Congreso Internacional de Derecho celebrado en agosto, durante su participaci\u00f3n en la ENTREVISTA ESTELAR DE MIAVISI\u00d3N, conducida por Julio C\u00e9sar D\u00edaz en una producci\u00f3n de Miavisi\u00f3n Televisi\u00f3n Nacional e Internacional.<\/p>\n\n\n\n<p>El evento, realizado los d\u00edas 29, 30 y 31 de agosto en un hotel de Puerto Plata, reuni\u00f3 a destacados conferencistas nacionales e internacionales. Entre los ponentes estuvieron el doctor Ricardo Nieves, la jurista Zoraima Pueyo, el magistrado Pedro Pablo Germeno y el profesor espa\u00f1ol Marcos Francisco Garrote, entre otros.<\/p>\n\n\n\n<p>Valbuena Valdez explic\u00f3 que este congreso se organiz\u00f3 como parte de la visi\u00f3n de devolver prestigio y credibilidad al gremio, ofreciendo capacitaciones de alto nivel a los abogados. Resalt\u00f3 que m\u00e1s del 70% de los asistentes fueron juristas de Puerto Plata, mientras que el 30% restante vino de diversas provincias del pa\u00eds.<\/p>\n\n\n\n<p>El dirigente gremial afirm\u00f3 que la actividad marc\u00f3 un precedente en la regi\u00f3n y que el Colegio de Abogados de Puerto Plata seguir\u00e1 apostando a la actualizaci\u00f3n constante de sus miembros para enfrentar los desaf\u00edos de la justicia en tiempos modernos.<\/p>\n","protected":false},"excerpt":{"rendered":"<p>Puerto Plata. \u2013 El presidente del Colegio de Abogados de la seccional Puerto Plata (CARD), Jos\u00e9 Ram\u00f3n Valbuena Valdez, resalt\u00f3 el \u00e9xito del Congreso Internacional de Derecho celebrado en agosto, durante su participaci\u00f3n en la ENTREVISTA ESTELAR DE MIAVISI\u00d3N, conducida por Julio C\u00e9sar D\u00edaz en una producci\u00f3n de Miavisi\u00f3n Televisi\u00f3n Nacional e Internacional. El evento, [&hellip;]<\/p>\n","protected":false},"author":3,"featured_media":926,"comment_status":"open","ping_status":"open","sticky":false,"template":"","format":"standard","meta":{"footnotes":""},"categories":[5],"tags":[],"class_list":["post-925","post","type-post","status-publish","format-standard","has-post-thumbnail","hentry","category-miavision-puerto-plata"],"_links":{"self":[{"href":"https:\/\/miavision.tv\/index.php\/wp-json\/wp\/v2\/posts\/925","targetHints":{"allow":["GET"]}}],"collection":[{"href":"https:\/\/miavision.tv\/index.php\/wp-json\/wp\/v2\/posts"}],"about":[{"href":"https:\/\/miavision.tv\/index.php\/wp-json\/wp\/v2\/types\/post"}],"author":[{"embeddable":true,"href":"https:\/\/miavision.tv\/index.php\/wp-json\/wp\/v2\/users\/3"}],"replies":[{"embeddable":true,"href":"https:\/\/miavision.tv\/index.php\/wp-json\/wp\/v2\/comments?post=925"}],"version-history":[{"count":1,"href":"https:\/\/miavision.tv\/index.php\/wp-json\/wp\/v2\/posts\/925\/revisions"}],"predecessor-version":[{"id":927,"href":"https:\/\/miavision.tv\/index.php\/wp-json\/wp\/v2\/posts\/925\/revisions\/927"}],"wp:featuredmedia":[{"embeddable":true,"href":"https:\/\/miavision.tv\/index.php\/wp-json\/wp\/v2\/media\/926"}],"wp:attachment":[{"href":"https:\/\/miavision.tv\/index.php\/wp-json\/wp\/v2\/media?parent=925"}],"wp:term":[{"taxonomy":"category","embeddable":true,"href":"https:\/\/miavision.tv\/index.php\/wp-json\/wp\/v2\/categories?post=925"},{"taxonomy":"post_tag","embeddable":true,"href":"https:\/\/miavision.tv\/index.php\/wp-json\/wp\/v2\/tags?post=925"}],"curies":[{"name":"wp","href":"https:\/\/api.w.org\/{rel}","templated":true}]}}