{"id":922,"date":"2025-09-03T00:00:36","date_gmt":"2025-09-03T00:00:36","guid":{"rendered":"https:\/\/miavision.tv\/?p=922"},"modified":"2025-09-11T00:04:36","modified_gmt":"2025-09-11T00:04:36","slug":"jose-ramon-valbuena-valdez-destaca-crecimiento-y-fortalecimiento-del-colegio-de-abogados-de-puerto-plata","status":"publish","type":"post","link":"https:\/\/miavision.tv\/index.php\/2025\/09\/03\/jose-ramon-valbuena-valdez-destaca-crecimiento-y-fortalecimiento-del-colegio-de-abogados-de-puerto-plata\/","title":{"rendered":"Jos\u00e9 Ram\u00f3n Valbuena Valdez destaca crecimiento y fortalecimiento del Colegio de Abogados de Puerto Plata"},"content":{"rendered":"\n<p>Miavision Puerto Plata. \u2013 En la ENTREVISTA ESTELAR DE MIAVISI\u00d3N, el presidente del Colegio de Abogados de la seccional Puerto Plata (CARD), Jos\u00e9 Ram\u00f3n Valbuena Valdez, destac\u00f3 el fortalecimiento institucional y el crecimiento sostenido que ha tenido el gremio en la provincia. La entrevista fue conducida por el comunicador Julio C\u00e9sar D\u00edaz, en una producci\u00f3n de Miavisi\u00f3n Televisi\u00f3n Nacional e Internacional.<\/p>\n\n\n\n<p>Valbuena Valdez record\u00f3 que asumi\u00f3 la presidencia del CARD el 7 de enero de 2024, tras haber sido electo en diciembre de 2023 con una votaci\u00f3n mayoritaria de m\u00e1s de 500 sufragios. Actualmente, la seccional cuenta con m\u00e1s de 2,300 abogados registrados, lo que la convierte en una de las m\u00e1s activas del pa\u00eds.<\/p>\n\n\n\n<p>Durante la conversaci\u00f3n, el dirigente gremial resalt\u00f3 la importancia de mantener un v\u00ednculo estrecho entre los profesionales del Derecho y la sociedad, garantizando que la pr\u00e1ctica jur\u00eddica se realice bajo criterios de \u00e9tica, responsabilidad y compromiso con la justicia.<\/p>\n\n\n\n<p>Asimismo, expres\u00f3 su agradecimiento a los abogados de la provincia por su respaldo a la gesti\u00f3n y asegur\u00f3 que el Colegio continuar\u00e1 siendo un espacio abierto para la integraci\u00f3n, la capacitaci\u00f3n y la defensa de los intereses de sus miembros.<\/p>\n\n\n\n<p><\/p>\n","protected":false},"excerpt":{"rendered":"<p>Miavision Puerto Plata. \u2013 En la ENTREVISTA ESTELAR DE MIAVISI\u00d3N, el presidente del Colegio de Abogados de la seccional Puerto Plata (CARD), Jos\u00e9 Ram\u00f3n Valbuena Valdez, destac\u00f3 el fortalecimiento institucional y el crecimiento sostenido que ha tenido el gremio en la provincia. La entrevista fue conducida por el comunicador Julio C\u00e9sar D\u00edaz, en una producci\u00f3n [&hellip;]<\/p>\n","protected":false},"author":3,"featured_media":923,"comment_status":"open","ping_status":"open","sticky":false,"template":"","format":"standard","meta":{"footnotes":""},"categories":[5],"tags":[],"class_list":["post-922","post","type-post","status-publish","format-standard","has-post-thumbnail","hentry","category-miavision-puerto-plata"],"_links":{"self":[{"href":"https:\/\/miavision.tv\/index.php\/wp-json\/wp\/v2\/posts\/922","targetHints":{"allow":["GET"]}}],"collection":[{"href":"https:\/\/miavision.tv\/index.php\/wp-json\/wp\/v2\/posts"}],"about":[{"href":"https:\/\/miavision.tv\/index.php\/wp-json\/wp\/v2\/types\/post"}],"author":[{"embeddable":true,"href":"https:\/\/miavision.tv\/index.php\/wp-json\/wp\/v2\/users\/3"}],"replies":[{"embeddable":true,"href":"https:\/\/miavision.tv\/index.php\/wp-json\/wp\/v2\/comments?post=922"}],"version-history":[{"count":1,"href":"https:\/\/miavision.tv\/index.php\/wp-json\/wp\/v2\/posts\/922\/revisions"}],"predecessor-version":[{"id":924,"href":"https:\/\/miavision.tv\/index.php\/wp-json\/wp\/v2\/posts\/922\/revisions\/924"}],"wp:featuredmedia":[{"embeddable":true,"href":"https:\/\/miavision.tv\/index.php\/wp-json\/wp\/v2\/media\/923"}],"wp:attachment":[{"href":"https:\/\/miavision.tv\/index.php\/wp-json\/wp\/v2\/media?parent=922"}],"wp:term":[{"taxonomy":"category","embeddable":true,"href":"https:\/\/miavision.tv\/index.php\/wp-json\/wp\/v2\/categories?post=922"},{"taxonomy":"post_tag","embeddable":true,"href":"https:\/\/miavision.tv\/index.php\/wp-json\/wp\/v2\/tags?post=922"}],"curies":[{"name":"wp","href":"https:\/\/api.w.org\/{rel}","templated":true}]}}