{"id":906,"date":"2025-08-28T10:41:34","date_gmt":"2025-08-28T10:41:34","guid":{"rendered":"https:\/\/miavision.tv\/?p=906"},"modified":"2025-08-28T10:41:34","modified_gmt":"2025-08-28T10:41:34","slug":"puerto-plata-mantiene-baja-tasa-de-homicidios-gracias-a-coordinacion-interinstitucional-afirma-fiscal-duncan","status":"publish","type":"post","link":"https:\/\/miavision.tv\/index.php\/2025\/08\/28\/puerto-plata-mantiene-baja-tasa-de-homicidios-gracias-a-coordinacion-interinstitucional-afirma-fiscal-duncan\/","title":{"rendered":"Puerto Plata mantiene baja tasa de homicidios gracias a coordinaci\u00f3n interinstitucional, afirma Fiscal Duncan"},"content":{"rendered":"\n<p>MIAVISION, PUERTO PLATA. \u2013 El Procurador Fiscal de Puerto Plata, Lic. Kelmi Duncan, resalt\u00f3 los logros en materia de seguridad alcanzados en la provincia, durante su participaci\u00f3n en la ENTREVISTA ESTELAR DE MIAVISI\u00d3N, bajo la conducci\u00f3n del periodista Julio C\u00e9sar D\u00edaz y producci\u00f3n de Miavisi\u00f3n Televisi\u00f3n Nacional e Internacional.<\/p>\n\n\n\n<p>Duncan indic\u00f3 que Puerto Plata se mantiene dentro de las provincias con menor tasa de homicidios del pa\u00eds, gracias al trabajo de prevenci\u00f3n y respuesta oportuna desarrollado en conjunto con la Polic\u00eda Nacional y el Ministerio P\u00fablico.<\/p>\n\n\n\n<p>El magistrado destac\u00f3 la efectividad de la Fuerza de Tarea Conjunta y el uso de herramientas como el mapa de calor, que permite identificar las zonas de mayor incidencia delictiva en tiempo real, facilitando la intervenci\u00f3n inmediata.<\/p>\n\n\n\n<p>El espacio televisivo permiti\u00f3 valorar los esfuerzos coordinados en materia de seguridad, as\u00ed como la necesidad de fortalecer el personal del Ministerio P\u00fablico para atender la creciente demanda de casos en la provincia.<\/p>\n","protected":false},"excerpt":{"rendered":"<p>MIAVISION, PUERTO PLATA. \u2013 El Procurador Fiscal de Puerto Plata, Lic. Kelmi Duncan, resalt\u00f3 los logros en materia de seguridad alcanzados en la provincia, durante su participaci\u00f3n en la ENTREVISTA ESTELAR DE MIAVISI\u00d3N, bajo la conducci\u00f3n del periodista Julio C\u00e9sar D\u00edaz y producci\u00f3n de Miavisi\u00f3n Televisi\u00f3n Nacional e Internacional. Duncan indic\u00f3 que Puerto Plata se [&hellip;]<\/p>\n","protected":false},"author":3,"featured_media":907,"comment_status":"open","ping_status":"open","sticky":false,"template":"","format":"standard","meta":{"footnotes":""},"categories":[5],"tags":[],"class_list":["post-906","post","type-post","status-publish","format-standard","has-post-thumbnail","hentry","category-miavision-puerto-plata"],"_links":{"self":[{"href":"https:\/\/miavision.tv\/index.php\/wp-json\/wp\/v2\/posts\/906","targetHints":{"allow":["GET"]}}],"collection":[{"href":"https:\/\/miavision.tv\/index.php\/wp-json\/wp\/v2\/posts"}],"about":[{"href":"https:\/\/miavision.tv\/index.php\/wp-json\/wp\/v2\/types\/post"}],"author":[{"embeddable":true,"href":"https:\/\/miavision.tv\/index.php\/wp-json\/wp\/v2\/users\/3"}],"replies":[{"embeddable":true,"href":"https:\/\/miavision.tv\/index.php\/wp-json\/wp\/v2\/comments?post=906"}],"version-history":[{"count":1,"href":"https:\/\/miavision.tv\/index.php\/wp-json\/wp\/v2\/posts\/906\/revisions"}],"predecessor-version":[{"id":908,"href":"https:\/\/miavision.tv\/index.php\/wp-json\/wp\/v2\/posts\/906\/revisions\/908"}],"wp:featuredmedia":[{"embeddable":true,"href":"https:\/\/miavision.tv\/index.php\/wp-json\/wp\/v2\/media\/907"}],"wp:attachment":[{"href":"https:\/\/miavision.tv\/index.php\/wp-json\/wp\/v2\/media?parent=906"}],"wp:term":[{"taxonomy":"category","embeddable":true,"href":"https:\/\/miavision.tv\/index.php\/wp-json\/wp\/v2\/categories?post=906"},{"taxonomy":"post_tag","embeddable":true,"href":"https:\/\/miavision.tv\/index.php\/wp-json\/wp\/v2\/tags?post=906"}],"curies":[{"name":"wp","href":"https:\/\/api.w.org\/{rel}","templated":true}]}}