{"id":903,"date":"2025-08-28T10:38:20","date_gmt":"2025-08-28T10:38:20","guid":{"rendered":"https:\/\/miavision.tv\/?p=903"},"modified":"2025-08-28T10:38:20","modified_gmt":"2025-08-28T10:38:20","slug":"fiscal-kelmi-duncan-asegura-que-la-procuradora-general-da-mas-del-100-en-su-labor-institucional","status":"publish","type":"post","link":"https:\/\/miavision.tv\/index.php\/2025\/08\/28\/fiscal-kelmi-duncan-asegura-que-la-procuradora-general-da-mas-del-100-en-su-labor-institucional\/","title":{"rendered":"Fiscal Kelmi Duncan asegura que la Procuradora General da m\u00e1s del 100% en su labor institucional"},"content":{"rendered":"\n<p>MIAVISION, PUERTO PLATA. \u2013 En la ENTREVISTA ESTELAR DE MIAVISI\u00d3N, el Procurador Fiscal de Puerto Plata, Lic. Kelmi Duncan, elogi\u00f3 el trabajo de la Procuradora General de la Rep\u00fablica, asegurando que \u201cella da m\u00e1s del 100% de trabajo\u201d en beneficio de la justicia dominicana. La entrevista fue conducida por el periodista Julio C\u00e9sar D\u00edaz y transmitida bajo la producci\u00f3n de Miavisi\u00f3n Televisi\u00f3n Nacional e Internacional.<\/p>\n\n\n\n<p>Duncan resalt\u00f3 que bajo el liderazgo de la Procuradora General se ha fortalecido la independencia y transparencia del Ministerio P\u00fablico, a trav\u00e9s de acciones que han devuelto la confianza de la ciudadan\u00eda en el sistema de justicia.<\/p>\n\n\n\n<p>El magistrado puntualiz\u00f3 que la jefa del Ministerio P\u00fablico no solo cumple con sus funciones, sino que ha sobrepasado los est\u00e1ndares de entrega y compromiso, dedic\u00e1ndose con firmeza a impulsar procesos de transformaci\u00f3n que dignifican a fiscales y procuradores adjuntos en todo el pa\u00eds.<\/p>\n\n\n\n<p>La participaci\u00f3n del fiscal en la ENTREVISTA ESTELAR DE MIAVISI\u00d3N permiti\u00f3 destacar la trascendencia de esta gesti\u00f3n en el fortalecimiento institucional, reconociendo a la Procuradora como una figura clave para consolidar una justicia m\u00e1s efectiva y cercana a la sociedad.<\/p>\n","protected":false},"excerpt":{"rendered":"<p>MIAVISION, PUERTO PLATA. \u2013 En la ENTREVISTA ESTELAR DE MIAVISI\u00d3N, el Procurador Fiscal de Puerto Plata, Lic. Kelmi Duncan, elogi\u00f3 el trabajo de la Procuradora General de la Rep\u00fablica, asegurando que \u201cella da m\u00e1s del 100% de trabajo\u201d en beneficio de la justicia dominicana. La entrevista fue conducida por el periodista Julio C\u00e9sar D\u00edaz y [&hellip;]<\/p>\n","protected":false},"author":3,"featured_media":904,"comment_status":"open","ping_status":"open","sticky":false,"template":"","format":"standard","meta":{"footnotes":""},"categories":[5],"tags":[],"class_list":["post-903","post","type-post","status-publish","format-standard","has-post-thumbnail","hentry","category-miavision-puerto-plata"],"_links":{"self":[{"href":"https:\/\/miavision.tv\/index.php\/wp-json\/wp\/v2\/posts\/903","targetHints":{"allow":["GET"]}}],"collection":[{"href":"https:\/\/miavision.tv\/index.php\/wp-json\/wp\/v2\/posts"}],"about":[{"href":"https:\/\/miavision.tv\/index.php\/wp-json\/wp\/v2\/types\/post"}],"author":[{"embeddable":true,"href":"https:\/\/miavision.tv\/index.php\/wp-json\/wp\/v2\/users\/3"}],"replies":[{"embeddable":true,"href":"https:\/\/miavision.tv\/index.php\/wp-json\/wp\/v2\/comments?post=903"}],"version-history":[{"count":1,"href":"https:\/\/miavision.tv\/index.php\/wp-json\/wp\/v2\/posts\/903\/revisions"}],"predecessor-version":[{"id":905,"href":"https:\/\/miavision.tv\/index.php\/wp-json\/wp\/v2\/posts\/903\/revisions\/905"}],"wp:featuredmedia":[{"embeddable":true,"href":"https:\/\/miavision.tv\/index.php\/wp-json\/wp\/v2\/media\/904"}],"wp:attachment":[{"href":"https:\/\/miavision.tv\/index.php\/wp-json\/wp\/v2\/media?parent=903"}],"wp:term":[{"taxonomy":"category","embeddable":true,"href":"https:\/\/miavision.tv\/index.php\/wp-json\/wp\/v2\/categories?post=903"},{"taxonomy":"post_tag","embeddable":true,"href":"https:\/\/miavision.tv\/index.php\/wp-json\/wp\/v2\/tags?post=903"}],"curies":[{"name":"wp","href":"https:\/\/api.w.org\/{rel}","templated":true}]}}