{"id":897,"date":"2025-08-28T10:33:20","date_gmt":"2025-08-28T10:33:20","guid":{"rendered":"https:\/\/miavision.tv\/?p=897"},"modified":"2025-08-28T10:33:21","modified_gmt":"2025-08-28T10:33:21","slug":"fiscal-kelmi-duncan-resalta-avances-en-la-lucha-contra-la-violencia-de-genero-en-puerto-plata","status":"publish","type":"post","link":"https:\/\/miavision.tv\/index.php\/2025\/08\/28\/fiscal-kelmi-duncan-resalta-avances-en-la-lucha-contra-la-violencia-de-genero-en-puerto-plata\/","title":{"rendered":"Fiscal Kelmi Duncan resalta avances en la lucha contra la violencia de g\u00e9nero en Puerto Plata"},"content":{"rendered":"\n<p>MIAVISION, PUERTO PLATA. \u2013 En la ENTREVISTA ESTELAR DE MIAVISI\u00d3N, el procurador fiscal de Puerto Plata, Lic. Kelmi Duncan, abord\u00f3 los esfuerzos realizados por el Ministerio P\u00fablico y diversas organizaciones para enfrentar la violencia de g\u00e9nero en la provincia. La conversaci\u00f3n fue dirigida por el periodista Julio C\u00e9sar D\u00edaz en producci\u00f3n de Miavisi\u00f3n Televisi\u00f3n Nacional e Internacional.<\/p>\n\n\n\n<p>El magistrado destac\u00f3 que la violencia no debe analizarse \u00fanicamente desde el \u00e1mbito judicial, sino tambi\u00e9n como un problema de salud y educaci\u00f3n, donde participan de manera activa instituciones como el Ministerio de la Mujer y varias ONG locales.<\/p>\n\n\n\n<p>Duncan valor\u00f3 que el incremento de denuncias no debe verse como una alarma, sino como un avance, ya que significa que las v\u00edctimas conf\u00edan en las instituciones y se atreven a visibilizar los casos, lo que abre la posibilidad de intervenir oportunamente y salvar vidas.<\/p>\n\n\n\n<p>La ENTREVISTA ESTELAR DE MIAVISI\u00d3N sirvi\u00f3 de escenario para subrayar la importancia de la prevenci\u00f3n y la denuncia, destacando el rol de la sociedad en conjunto para erradicar la violencia intrafamiliar y de g\u00e9nero.<\/p>\n\n\n\n<p><\/p>\n","protected":false},"excerpt":{"rendered":"<p>MIAVISION, PUERTO PLATA. \u2013 En la ENTREVISTA ESTELAR DE MIAVISI\u00d3N, el procurador fiscal de Puerto Plata, Lic. Kelmi Duncan, abord\u00f3 los esfuerzos realizados por el Ministerio P\u00fablico y diversas organizaciones para enfrentar la violencia de g\u00e9nero en la provincia. La conversaci\u00f3n fue dirigida por el periodista Julio C\u00e9sar D\u00edaz en producci\u00f3n de Miavisi\u00f3n Televisi\u00f3n Nacional [&hellip;]<\/p>\n","protected":false},"author":3,"featured_media":898,"comment_status":"open","ping_status":"open","sticky":false,"template":"","format":"standard","meta":{"footnotes":""},"categories":[5],"tags":[],"class_list":["post-897","post","type-post","status-publish","format-standard","has-post-thumbnail","hentry","category-miavision-puerto-plata"],"_links":{"self":[{"href":"https:\/\/miavision.tv\/index.php\/wp-json\/wp\/v2\/posts\/897","targetHints":{"allow":["GET"]}}],"collection":[{"href":"https:\/\/miavision.tv\/index.php\/wp-json\/wp\/v2\/posts"}],"about":[{"href":"https:\/\/miavision.tv\/index.php\/wp-json\/wp\/v2\/types\/post"}],"author":[{"embeddable":true,"href":"https:\/\/miavision.tv\/index.php\/wp-json\/wp\/v2\/users\/3"}],"replies":[{"embeddable":true,"href":"https:\/\/miavision.tv\/index.php\/wp-json\/wp\/v2\/comments?post=897"}],"version-history":[{"count":1,"href":"https:\/\/miavision.tv\/index.php\/wp-json\/wp\/v2\/posts\/897\/revisions"}],"predecessor-version":[{"id":899,"href":"https:\/\/miavision.tv\/index.php\/wp-json\/wp\/v2\/posts\/897\/revisions\/899"}],"wp:featuredmedia":[{"embeddable":true,"href":"https:\/\/miavision.tv\/index.php\/wp-json\/wp\/v2\/media\/898"}],"wp:attachment":[{"href":"https:\/\/miavision.tv\/index.php\/wp-json\/wp\/v2\/media?parent=897"}],"wp:term":[{"taxonomy":"category","embeddable":true,"href":"https:\/\/miavision.tv\/index.php\/wp-json\/wp\/v2\/categories?post=897"},{"taxonomy":"post_tag","embeddable":true,"href":"https:\/\/miavision.tv\/index.php\/wp-json\/wp\/v2\/tags?post=897"}],"curies":[{"name":"wp","href":"https:\/\/api.w.org\/{rel}","templated":true}]}}