{"id":894,"date":"2025-08-28T10:30:38","date_gmt":"2025-08-28T10:30:38","guid":{"rendered":"https:\/\/miavision.tv\/?p=894"},"modified":"2025-08-28T10:30:38","modified_gmt":"2025-08-28T10:30:38","slug":"procurador-fiscal-kelmi-duncan-destaca-19-anos-de-trayectoria-en-el-ministerio-publico","status":"publish","type":"post","link":"https:\/\/miavision.tv\/index.php\/2025\/08\/28\/procurador-fiscal-kelmi-duncan-destaca-19-anos-de-trayectoria-en-el-ministerio-publico\/","title":{"rendered":"Procurador Fiscal Kelmi Duncan destaca 19 a\u00f1os de trayectoria en el Ministerio P\u00fablico"},"content":{"rendered":"\n<p>MIAVISION, PUERTO PLATA. \u2013 En la ENTREVISTA ESTELAR DE MIAVISI\u00d3N, bajo la conducci\u00f3n del periodista Julio C\u00e9sar D\u00edaz, el procurador fiscal de Puerto Plata, Lic. Kelmi Duncan, comparti\u00f3 detalles de su experiencia y trayectoria en el Ministerio P\u00fablico, donde ha servido durante 19 a\u00f1os desde su ingreso en el a\u00f1o 2005.<\/p>\n\n\n\n<p>Duncan record\u00f3 que form\u00f3 parte del primer concurso de oposici\u00f3n realizado en ese a\u00f1o para la selecci\u00f3n de fiscalizadores, lo que marc\u00f3 un cambio significativo en el proceso de ingreso a la carrera del Ministerio P\u00fablico. Explic\u00f3 que, tras superar el concurso, pas\u00f3 por un riguroso proceso de capacitaci\u00f3n de casi un a\u00f1o en la Escuela del Ministerio P\u00fablico, donde se especializ\u00f3 en Ciencias Penales y Derecho Procesal Penal.<\/p>\n\n\n\n<p>El magistrado resalt\u00f3 que actualmente la Escuela del Ministerio P\u00fablico se ha transformado en un Instituto Superior, lo que permite a los egresados salir con maestr\u00edas y especialidades, fortaleciendo la profesionalizaci\u00f3n del sistema judicial.<\/p>\n\n\n\n<p>La ENTREVISTA ESTELAR DE MIAVISI\u00d3N, producci\u00f3n de Miavisi\u00f3n Televisi\u00f3n Nacional e Internacional, permiti\u00f3 al p\u00fablico conocer de primera mano la preparaci\u00f3n y compromiso de Duncan, quien subray\u00f3 la importancia de la formaci\u00f3n acad\u00e9mica en el ejercicio de la funci\u00f3n fiscal.<\/p>\n","protected":false},"excerpt":{"rendered":"<p>MIAVISION, PUERTO PLATA. \u2013 En la ENTREVISTA ESTELAR DE MIAVISI\u00d3N, bajo la conducci\u00f3n del periodista Julio C\u00e9sar D\u00edaz, el procurador fiscal de Puerto Plata, Lic. Kelmi Duncan, comparti\u00f3 detalles de su experiencia y trayectoria en el Ministerio P\u00fablico, donde ha servido durante 19 a\u00f1os desde su ingreso en el a\u00f1o 2005. Duncan record\u00f3 que form\u00f3 [&hellip;]<\/p>\n","protected":false},"author":3,"featured_media":895,"comment_status":"open","ping_status":"open","sticky":false,"template":"","format":"standard","meta":{"footnotes":""},"categories":[5],"tags":[],"class_list":["post-894","post","type-post","status-publish","format-standard","has-post-thumbnail","hentry","category-miavision-puerto-plata"],"_links":{"self":[{"href":"https:\/\/miavision.tv\/index.php\/wp-json\/wp\/v2\/posts\/894","targetHints":{"allow":["GET"]}}],"collection":[{"href":"https:\/\/miavision.tv\/index.php\/wp-json\/wp\/v2\/posts"}],"about":[{"href":"https:\/\/miavision.tv\/index.php\/wp-json\/wp\/v2\/types\/post"}],"author":[{"embeddable":true,"href":"https:\/\/miavision.tv\/index.php\/wp-json\/wp\/v2\/users\/3"}],"replies":[{"embeddable":true,"href":"https:\/\/miavision.tv\/index.php\/wp-json\/wp\/v2\/comments?post=894"}],"version-history":[{"count":1,"href":"https:\/\/miavision.tv\/index.php\/wp-json\/wp\/v2\/posts\/894\/revisions"}],"predecessor-version":[{"id":896,"href":"https:\/\/miavision.tv\/index.php\/wp-json\/wp\/v2\/posts\/894\/revisions\/896"}],"wp:featuredmedia":[{"embeddable":true,"href":"https:\/\/miavision.tv\/index.php\/wp-json\/wp\/v2\/media\/895"}],"wp:attachment":[{"href":"https:\/\/miavision.tv\/index.php\/wp-json\/wp\/v2\/media?parent=894"}],"wp:term":[{"taxonomy":"category","embeddable":true,"href":"https:\/\/miavision.tv\/index.php\/wp-json\/wp\/v2\/categories?post=894"},{"taxonomy":"post_tag","embeddable":true,"href":"https:\/\/miavision.tv\/index.php\/wp-json\/wp\/v2\/tags?post=894"}],"curies":[{"name":"wp","href":"https:\/\/api.w.org\/{rel}","templated":true}]}}