{"id":888,"date":"2025-08-20T17:32:53","date_gmt":"2025-08-20T17:32:53","guid":{"rendered":"https:\/\/miavision.tv\/?p=888"},"modified":"2025-08-24T17:34:22","modified_gmt":"2025-08-24T17:34:22","slug":"educacion-fortalece-transporte-escolar-con-71-autobuses-en-puerto-plata-segun-sanchez-baldwin","status":"publish","type":"post","link":"https:\/\/miavision.tv\/index.php\/2025\/08\/20\/educacion-fortalece-transporte-escolar-con-71-autobuses-en-puerto-plata-segun-sanchez-baldwin\/","title":{"rendered":"Educaci\u00f3n fortalece transporte escolar con 71 autobuses en Puerto Plata, seg\u00fan S\u00e1nchez Baldwin"},"content":{"rendered":"\n<p>PUERTO PLATA. \u2013 Durante la Entrevista Estelar de MIAVISI\u00d3N, Televisi\u00f3n Nacional e Internacional, el director de la Regional 11 de Educaci\u00f3n, Luis Jos\u00e9 S\u00e1nchez Baldwin (Moreno), anunci\u00f3 que estar\u00e1n disponibles 71 autobuses escolares para garantizar el transporte de los estudiantes en la provincia de Puerto Plata. La entrevista fue conducida por el periodista Julio C\u00e9sar D\u00edaz desde los estudios de MIAVISI\u00d3N.<\/p>\n\n\n\n<p>S\u00e1nchez Baldwin explic\u00f3 que el servicio de transporte representa un paso trascendental en la mejora de la accesibilidad educativa, ya que permitir\u00e1 que miles de estudiantes lleguen puntualmente y con seguridad a sus centros educativos, sin importar la distancia.<\/p>\n\n\n\n<p>El funcionario destac\u00f3 que este sistema de transporte escolar se suma a otras medidas implementadas por el Ministerio de Educaci\u00f3n para garantizar la inclusi\u00f3n y reducir las desigualdades. Asimismo, inform\u00f3 que se han completado los procesos de capacitaci\u00f3n de los docentes en los distintos niveles educativos, asegurando que el personal est\u00e1 preparado para recibir a los estudiantes.<\/p>\n\n\n\n<p>\u201cEl transporte, la capacitaci\u00f3n docente y la apertura de nuevas aulas forman parte de un plan integral que busca garantizar la calidad y la equidad en la educaci\u00f3n\u201d, afirm\u00f3 el director regional durante su participaci\u00f3n en MIAVISI\u00d3N.<\/p>\n","protected":false},"excerpt":{"rendered":"<p>PUERTO PLATA. \u2013 Durante la Entrevista Estelar de MIAVISI\u00d3N, Televisi\u00f3n Nacional e Internacional, el director de la Regional 11 de Educaci\u00f3n, Luis Jos\u00e9 S\u00e1nchez Baldwin (Moreno), anunci\u00f3 que estar\u00e1n disponibles 71 autobuses escolares para garantizar el transporte de los estudiantes en la provincia de Puerto Plata. La entrevista fue conducida por el periodista Julio C\u00e9sar [&hellip;]<\/p>\n","protected":false},"author":3,"featured_media":889,"comment_status":"open","ping_status":"open","sticky":false,"template":"","format":"standard","meta":{"footnotes":""},"categories":[5],"tags":[],"class_list":["post-888","post","type-post","status-publish","format-standard","has-post-thumbnail","hentry","category-miavision-puerto-plata"],"_links":{"self":[{"href":"https:\/\/miavision.tv\/index.php\/wp-json\/wp\/v2\/posts\/888","targetHints":{"allow":["GET"]}}],"collection":[{"href":"https:\/\/miavision.tv\/index.php\/wp-json\/wp\/v2\/posts"}],"about":[{"href":"https:\/\/miavision.tv\/index.php\/wp-json\/wp\/v2\/types\/post"}],"author":[{"embeddable":true,"href":"https:\/\/miavision.tv\/index.php\/wp-json\/wp\/v2\/users\/3"}],"replies":[{"embeddable":true,"href":"https:\/\/miavision.tv\/index.php\/wp-json\/wp\/v2\/comments?post=888"}],"version-history":[{"count":1,"href":"https:\/\/miavision.tv\/index.php\/wp-json\/wp\/v2\/posts\/888\/revisions"}],"predecessor-version":[{"id":890,"href":"https:\/\/miavision.tv\/index.php\/wp-json\/wp\/v2\/posts\/888\/revisions\/890"}],"wp:featuredmedia":[{"embeddable":true,"href":"https:\/\/miavision.tv\/index.php\/wp-json\/wp\/v2\/media\/889"}],"wp:attachment":[{"href":"https:\/\/miavision.tv\/index.php\/wp-json\/wp\/v2\/media?parent=888"}],"wp:term":[{"taxonomy":"category","embeddable":true,"href":"https:\/\/miavision.tv\/index.php\/wp-json\/wp\/v2\/categories?post=888"},{"taxonomy":"post_tag","embeddable":true,"href":"https:\/\/miavision.tv\/index.php\/wp-json\/wp\/v2\/tags?post=888"}],"curies":[{"name":"wp","href":"https:\/\/api.w.org\/{rel}","templated":true}]}}