{"id":885,"date":"2025-08-20T17:30:48","date_gmt":"2025-08-20T17:30:48","guid":{"rendered":"https:\/\/miavision.tv\/?p=885"},"modified":"2025-08-24T17:32:51","modified_gmt":"2025-08-24T17:32:51","slug":"moral-y-civica-vuelve-al-curriculo-como-asignatura-formal-destaca-regional-11-en-miavision","status":"publish","type":"post","link":"https:\/\/miavision.tv\/index.php\/2025\/08\/20\/moral-y-civica-vuelve-al-curriculo-como-asignatura-formal-destaca-regional-11-en-miavision\/","title":{"rendered":"Moral y C\u00edvica vuelve al curr\u00edculo como asignatura formal, destaca Regional 11 en MIAVISI\u00d3N"},"content":{"rendered":"\n<p>PUERTO PLATA. \u2013 El director de la Regional 11 de Educaci\u00f3n, Luis Jos\u00e9 S\u00e1nchez Baldwin (Moreno), anunci\u00f3 que a partir del a\u00f1o escolar 2025-2026 la asignatura de Moral y C\u00edvica regresar\u00e1 al curr\u00edculo escolar como materia independiente, con calificaci\u00f3n propia, dentro de los programas del Ministerio de Educaci\u00f3n. El anuncio lo realiz\u00f3 en la Entrevista Estelar de MIAVISI\u00d3N, Televisi\u00f3n Nacional e Internacional, conducida por el periodista Julio C\u00e9sar D\u00edaz.<\/p>\n\n\n\n<p>S\u00e1nchez Baldwin explic\u00f3 que, aunque la moral y la c\u00edvica se hab\u00edan mantenido como temas transversales en otras materias, ahora se impartir\u00e1n como asignatura formal, con sus propios contenidos, evaluaciones y registro acad\u00e9mico.<\/p>\n\n\n\n<p>El funcionario asegur\u00f3 que esta medida contribuir\u00e1 a fortalecer la formaci\u00f3n en valores, la disciplina y el civismo en los estudiantes dominicanos, aspectos que consider\u00f3 esenciales para la formaci\u00f3n integral de ciudadanos responsables y comprometidos con el pa\u00eds.<\/p>\n\n\n\n<p>\u201cNecesitamos estudiantes preparados en lo acad\u00e9mico, pero tambi\u00e9n en lo humano, con sensibilidad y respeto. La moral y la c\u00edvica ser\u00e1n pilares fundamentales para lograrlo\u201d, sostuvo S\u00e1nchez Baldwin durante la entrevista en MIAVISI\u00d3N.<\/p>\n","protected":false},"excerpt":{"rendered":"<p>PUERTO PLATA. \u2013 El director de la Regional 11 de Educaci\u00f3n, Luis Jos\u00e9 S\u00e1nchez Baldwin (Moreno), anunci\u00f3 que a partir del a\u00f1o escolar 2025-2026 la asignatura de Moral y C\u00edvica regresar\u00e1 al curr\u00edculo escolar como materia independiente, con calificaci\u00f3n propia, dentro de los programas del Ministerio de Educaci\u00f3n. El anuncio lo realiz\u00f3 en la Entrevista [&hellip;]<\/p>\n","protected":false},"author":3,"featured_media":886,"comment_status":"open","ping_status":"open","sticky":false,"template":"","format":"standard","meta":{"footnotes":""},"categories":[5],"tags":[],"class_list":["post-885","post","type-post","status-publish","format-standard","has-post-thumbnail","hentry","category-miavision-puerto-plata"],"_links":{"self":[{"href":"https:\/\/miavision.tv\/index.php\/wp-json\/wp\/v2\/posts\/885","targetHints":{"allow":["GET"]}}],"collection":[{"href":"https:\/\/miavision.tv\/index.php\/wp-json\/wp\/v2\/posts"}],"about":[{"href":"https:\/\/miavision.tv\/index.php\/wp-json\/wp\/v2\/types\/post"}],"author":[{"embeddable":true,"href":"https:\/\/miavision.tv\/index.php\/wp-json\/wp\/v2\/users\/3"}],"replies":[{"embeddable":true,"href":"https:\/\/miavision.tv\/index.php\/wp-json\/wp\/v2\/comments?post=885"}],"version-history":[{"count":1,"href":"https:\/\/miavision.tv\/index.php\/wp-json\/wp\/v2\/posts\/885\/revisions"}],"predecessor-version":[{"id":887,"href":"https:\/\/miavision.tv\/index.php\/wp-json\/wp\/v2\/posts\/885\/revisions\/887"}],"wp:featuredmedia":[{"embeddable":true,"href":"https:\/\/miavision.tv\/index.php\/wp-json\/wp\/v2\/media\/886"}],"wp:attachment":[{"href":"https:\/\/miavision.tv\/index.php\/wp-json\/wp\/v2\/media?parent=885"}],"wp:term":[{"taxonomy":"category","embeddable":true,"href":"https:\/\/miavision.tv\/index.php\/wp-json\/wp\/v2\/categories?post=885"},{"taxonomy":"post_tag","embeddable":true,"href":"https:\/\/miavision.tv\/index.php\/wp-json\/wp\/v2\/tags?post=885"}],"curies":[{"name":"wp","href":"https:\/\/api.w.org\/{rel}","templated":true}]}}