{"id":872,"date":"2025-08-24T17:21:32","date_gmt":"2025-08-24T17:21:32","guid":{"rendered":"https:\/\/miavision.tv\/?p=872"},"modified":"2025-08-24T17:21:32","modified_gmt":"2025-08-24T17:21:32","slug":"ilana-neumann-afirma-que-el-cambio-en-sosua-ya-es-visible-y-cuenta-con-respaldo-social","status":"publish","type":"post","link":"https:\/\/miavision.tv\/index.php\/2025\/08\/24\/ilana-neumann-afirma-que-el-cambio-en-sosua-ya-es-visible-y-cuenta-con-respaldo-social\/","title":{"rendered":"Ilana Neumann afirma que el cambio en Sos\u00faa ya es visible y cuenta con respaldo social"},"content":{"rendered":"\n<p>SOSUA, PUERTO PLATA.- En el marco del programa especial \u201cSos\u00faa rumbo a un turismo familiar\u201d, transmitido en vivo desde el Hotel Casa Marina por Miavisi\u00f3n Televisi\u00f3n Nacional e Internacional, la exalcaldesa Ilana Neumann de Azar asegur\u00f3 que la transformaci\u00f3n de Sos\u00faa ya se percibe en la sociedad y cuenta con un amplio respaldo de la poblaci\u00f3n. La entrevista fue conducida por los comunicadores Sugel Gonz\u00e1lez y Enrique Encarnaci\u00f3n.<\/p>\n\n\n\n<p>Neumann explic\u00f3 que la participaci\u00f3n de la comunidad en actividades organizadas en espacios p\u00fablicos refleja la aceptaci\u00f3n del proceso de cambio. Cit\u00f3 como ejemplo los conciertos y encuentros familiares realizados en la calle Pedro Clisante, donde ni\u00f1os y adultos han podido compartir en un ambiente sano y seguro.<\/p>\n\n\n\n<p>La dirigente pol\u00edtica expres\u00f3 que este respaldo social es la base para garantizar la sostenibilidad de las medidas implementadas. \u201cLa sociedad sosuense est\u00e1 comprometida con este cambio porque entiende que es lo mejor que le puede suceder a nuestro municipio\u201d, indic\u00f3.<\/p>\n\n\n\n<p>Asimismo, confirm\u00f3 que la nueva imagen de Sos\u00faa ya est\u00e1 atrayendo inversionistas interesados en desarrollar proyectos tur\u00edsticos. \u201cYo misma he recibido propuestas de empresas que ven en este nuevo rumbo una oportunidad para el crecimiento econ\u00f3mico de la zona\u201d, revel\u00f3.<\/p>\n","protected":false},"excerpt":{"rendered":"<p>SOSUA, PUERTO PLATA.- En el marco del programa especial \u201cSos\u00faa rumbo a un turismo familiar\u201d, transmitido en vivo desde el Hotel Casa Marina por Miavisi\u00f3n Televisi\u00f3n Nacional e Internacional, la exalcaldesa Ilana Neumann de Azar asegur\u00f3 que la transformaci\u00f3n de Sos\u00faa ya se percibe en la sociedad y cuenta con un amplio respaldo de la [&hellip;]<\/p>\n","protected":false},"author":3,"featured_media":874,"comment_status":"open","ping_status":"open","sticky":false,"template":"","format":"standard","meta":{"footnotes":""},"categories":[5],"tags":[],"class_list":["post-872","post","type-post","status-publish","format-standard","has-post-thumbnail","hentry","category-miavision-puerto-plata"],"_links":{"self":[{"href":"https:\/\/miavision.tv\/index.php\/wp-json\/wp\/v2\/posts\/872","targetHints":{"allow":["GET"]}}],"collection":[{"href":"https:\/\/miavision.tv\/index.php\/wp-json\/wp\/v2\/posts"}],"about":[{"href":"https:\/\/miavision.tv\/index.php\/wp-json\/wp\/v2\/types\/post"}],"author":[{"embeddable":true,"href":"https:\/\/miavision.tv\/index.php\/wp-json\/wp\/v2\/users\/3"}],"replies":[{"embeddable":true,"href":"https:\/\/miavision.tv\/index.php\/wp-json\/wp\/v2\/comments?post=872"}],"version-history":[{"count":1,"href":"https:\/\/miavision.tv\/index.php\/wp-json\/wp\/v2\/posts\/872\/revisions"}],"predecessor-version":[{"id":875,"href":"https:\/\/miavision.tv\/index.php\/wp-json\/wp\/v2\/posts\/872\/revisions\/875"}],"wp:featuredmedia":[{"embeddable":true,"href":"https:\/\/miavision.tv\/index.php\/wp-json\/wp\/v2\/media\/874"}],"wp:attachment":[{"href":"https:\/\/miavision.tv\/index.php\/wp-json\/wp\/v2\/media?parent=872"}],"wp:term":[{"taxonomy":"category","embeddable":true,"href":"https:\/\/miavision.tv\/index.php\/wp-json\/wp\/v2\/categories?post=872"},{"taxonomy":"post_tag","embeddable":true,"href":"https:\/\/miavision.tv\/index.php\/wp-json\/wp\/v2\/tags?post=872"}],"curies":[{"name":"wp","href":"https:\/\/api.w.org\/{rel}","templated":true}]}}