{"id":863,"date":"2025-08-24T13:24:14","date_gmt":"2025-08-24T13:24:14","guid":{"rendered":"https:\/\/miavision.tv\/?p=863"},"modified":"2025-08-24T13:24:14","modified_gmt":"2025-08-24T13:24:14","slug":"faride-raful-el-cambio-estructural-de-sosua-es-una-prioridad-del-gobierno","status":"publish","type":"post","link":"https:\/\/miavision.tv\/index.php\/2025\/08\/24\/faride-raful-el-cambio-estructural-de-sosua-es-una-prioridad-del-gobierno\/","title":{"rendered":"Faride Raful: \u201cEl cambio estructural de Sos\u00faa es una prioridad del Gobierno\u201d"},"content":{"rendered":"\n<p>Sos\u00faa.- La ministra de Interior y Polic\u00eda, Faride Raful, afirm\u00f3 que el Gobierno est\u00e1 comprometido con un plan integral para transformar Sos\u00faa en un destino tur\u00edstico m\u00e1s seguro y atractivo para las familias. La declaraci\u00f3n fue ofrecida durante el programa especial \u201cSos\u00faa Rumbo a un Turismo Familiar\u201d, transmitido por Miavisi\u00f3n Televisi\u00f3n Nacional e Internacional desde el Hotel Casa Marina, bajo la conducci\u00f3n de Sugel Gonz\u00e1lez y Enrique Encarnaci\u00f3n.<\/p>\n\n\n\n<p>Raful explic\u00f3 que la segunda fase de intervenci\u00f3n contempla acciones conjuntas con diversas instituciones p\u00fablicas, como Obras P\u00fablicas y Turismo, para mejorar la infraestructura, la iluminaci\u00f3n, el bacheo de calles y la atenci\u00f3n a sectores vulnerables, con el apoyo de programas sociales como Sup\u00e9rate y el Gabinete Social.<\/p>\n\n\n\n<p>Tambi\u00e9n se\u00f1al\u00f3 la importancia de atender problem\u00e1ticas como el abandono de menores, la salud mental y la falta de oportunidades para los j\u00f3venes. En ese sentido, dijo que instituciones como Conani y Salud P\u00fablica tendr\u00e1n un rol protag\u00f3nico en esta nueva etapa.<\/p>\n\n\n\n<p>\u201cLa meta es consolidar un Sos\u00faa que sea referente de turismo responsable, donde predomine la seguridad, la cultura y el respeto a la dignidad de las personas\u201d, expres\u00f3 Raful durante la transmisi\u00f3n en vivo de Miavisi\u00f3n.<\/p>\n","protected":false},"excerpt":{"rendered":"<p>Sos\u00faa.- La ministra de Interior y Polic\u00eda, Faride Raful, afirm\u00f3 que el Gobierno est\u00e1 comprometido con un plan integral para transformar Sos\u00faa en un destino tur\u00edstico m\u00e1s seguro y atractivo para las familias. La declaraci\u00f3n fue ofrecida durante el programa especial \u201cSos\u00faa Rumbo a un Turismo Familiar\u201d, transmitido por Miavisi\u00f3n Televisi\u00f3n Nacional e Internacional desde [&hellip;]<\/p>\n","protected":false},"author":3,"featured_media":864,"comment_status":"open","ping_status":"open","sticky":false,"template":"","format":"standard","meta":{"footnotes":""},"categories":[5],"tags":[],"class_list":["post-863","post","type-post","status-publish","format-standard","has-post-thumbnail","hentry","category-miavision-puerto-plata"],"_links":{"self":[{"href":"https:\/\/miavision.tv\/index.php\/wp-json\/wp\/v2\/posts\/863","targetHints":{"allow":["GET"]}}],"collection":[{"href":"https:\/\/miavision.tv\/index.php\/wp-json\/wp\/v2\/posts"}],"about":[{"href":"https:\/\/miavision.tv\/index.php\/wp-json\/wp\/v2\/types\/post"}],"author":[{"embeddable":true,"href":"https:\/\/miavision.tv\/index.php\/wp-json\/wp\/v2\/users\/3"}],"replies":[{"embeddable":true,"href":"https:\/\/miavision.tv\/index.php\/wp-json\/wp\/v2\/comments?post=863"}],"version-history":[{"count":1,"href":"https:\/\/miavision.tv\/index.php\/wp-json\/wp\/v2\/posts\/863\/revisions"}],"predecessor-version":[{"id":865,"href":"https:\/\/miavision.tv\/index.php\/wp-json\/wp\/v2\/posts\/863\/revisions\/865"}],"wp:featuredmedia":[{"embeddable":true,"href":"https:\/\/miavision.tv\/index.php\/wp-json\/wp\/v2\/media\/864"}],"wp:attachment":[{"href":"https:\/\/miavision.tv\/index.php\/wp-json\/wp\/v2\/media?parent=863"}],"wp:term":[{"taxonomy":"category","embeddable":true,"href":"https:\/\/miavision.tv\/index.php\/wp-json\/wp\/v2\/categories?post=863"},{"taxonomy":"post_tag","embeddable":true,"href":"https:\/\/miavision.tv\/index.php\/wp-json\/wp\/v2\/tags?post=863"}],"curies":[{"name":"wp","href":"https:\/\/api.w.org\/{rel}","templated":true}]}}