{"id":859,"date":"2025-08-24T04:11:41","date_gmt":"2025-08-24T04:11:41","guid":{"rendered":"https:\/\/miavision.tv\/?p=859"},"modified":"2025-08-24T04:11:41","modified_gmt":"2025-08-24T04:11:41","slug":"faride-raful-anuncia-fortalecimiento-de-la-seguridad-en-sosua-durante-programa-especial-de-miavision","status":"publish","type":"post","link":"https:\/\/miavision.tv\/index.php\/2025\/08\/24\/faride-raful-anuncia-fortalecimiento-de-la-seguridad-en-sosua-durante-programa-especial-de-miavision\/","title":{"rendered":"Faride Raful anuncia fortalecimiento de la seguridad en Sos\u00faa durante programa especial de Miavisi\u00f3n"},"content":{"rendered":"\n<p>Sos\u00faa.- La ministra de Interior y Polic\u00eda, Faride Raful, asegur\u00f3 que el Gobierno avanza en la implementaci\u00f3n de medidas concretas para garantizar la seguridad y dignidad de Sos\u00faa, durante su participaci\u00f3n en el programa especial \u201cSos\u00faa Rumbo a un Turismo Familiar\u201d, transmitido en vivo y en directo desde el Hotel Casa Marina por Miavisi\u00f3n Televisi\u00f3n Nacional e Internacional, bajo la conducci\u00f3n de Sugel Gonz\u00e1lez y Enrique Encarnaci\u00f3n.<\/p>\n\n\n\n<p>La funcionaria explic\u00f3 que ya se ejecut\u00f3 una primera fase de intervenci\u00f3n en el municipio, dirigida a contrarrestar problem\u00e1ticas como la prostituci\u00f3n en la v\u00eda p\u00fablica, el microtr\u00e1fico y la explotaci\u00f3n de menores, situaciones que, seg\u00fan indic\u00f3, afectaban gravemente la imagen tur\u00edstica de la localidad.<\/p>\n\n\n\n<p>Raful adelant\u00f3 que en la segunda fase se trabajar\u00e1 de forma interdisciplinaria, con la integraci\u00f3n de instituciones como Obras P\u00fablicas, Turismo, Salud P\u00fablica y Conani, adem\u00e1s del apoyo del Gabinete Social, con el objetivo de atender temas estructurales que permitan un cambio sostenible en la comunidad.<\/p>\n\n\n\n<p>\u201cQueremos un Sos\u00faa digno, con mayor seguridad, inversi\u00f3n de calidad y un turismo familiar que represente orgullo para la provincia de Puerto Plata y para el pa\u00eds\u201d, puntualiz\u00f3 la ministra durante la entrevista transmitida por Miavisi\u00f3n.<\/p>\n","protected":false},"excerpt":{"rendered":"<p>Sos\u00faa.- La ministra de Interior y Polic\u00eda, Faride Raful, asegur\u00f3 que el Gobierno avanza en la implementaci\u00f3n de medidas concretas para garantizar la seguridad y dignidad de Sos\u00faa, durante su participaci\u00f3n en el programa especial \u201cSos\u00faa Rumbo a un Turismo Familiar\u201d, transmitido en vivo y en directo desde el Hotel Casa Marina por Miavisi\u00f3n Televisi\u00f3n [&hellip;]<\/p>\n","protected":false},"author":3,"featured_media":860,"comment_status":"open","ping_status":"open","sticky":false,"template":"","format":"standard","meta":{"footnotes":""},"categories":[5],"tags":[],"class_list":["post-859","post","type-post","status-publish","format-standard","has-post-thumbnail","hentry","category-miavision-puerto-plata"],"_links":{"self":[{"href":"https:\/\/miavision.tv\/index.php\/wp-json\/wp\/v2\/posts\/859","targetHints":{"allow":["GET"]}}],"collection":[{"href":"https:\/\/miavision.tv\/index.php\/wp-json\/wp\/v2\/posts"}],"about":[{"href":"https:\/\/miavision.tv\/index.php\/wp-json\/wp\/v2\/types\/post"}],"author":[{"embeddable":true,"href":"https:\/\/miavision.tv\/index.php\/wp-json\/wp\/v2\/users\/3"}],"replies":[{"embeddable":true,"href":"https:\/\/miavision.tv\/index.php\/wp-json\/wp\/v2\/comments?post=859"}],"version-history":[{"count":1,"href":"https:\/\/miavision.tv\/index.php\/wp-json\/wp\/v2\/posts\/859\/revisions"}],"predecessor-version":[{"id":861,"href":"https:\/\/miavision.tv\/index.php\/wp-json\/wp\/v2\/posts\/859\/revisions\/861"}],"wp:featuredmedia":[{"embeddable":true,"href":"https:\/\/miavision.tv\/index.php\/wp-json\/wp\/v2\/media\/860"}],"wp:attachment":[{"href":"https:\/\/miavision.tv\/index.php\/wp-json\/wp\/v2\/media?parent=859"}],"wp:term":[{"taxonomy":"category","embeddable":true,"href":"https:\/\/miavision.tv\/index.php\/wp-json\/wp\/v2\/categories?post=859"},{"taxonomy":"post_tag","embeddable":true,"href":"https:\/\/miavision.tv\/index.php\/wp-json\/wp\/v2\/tags?post=859"}],"curies":[{"name":"wp","href":"https:\/\/api.w.org\/{rel}","templated":true}]}}