{"id":856,"date":"2025-08-24T04:10:25","date_gmt":"2025-08-24T04:10:25","guid":{"rendered":"https:\/\/miavision.tv\/?p=856"},"modified":"2025-08-24T04:10:25","modified_gmt":"2025-08-24T04:10:25","slug":"ministra-faride-raful-sosua-tendra-mas-agentes-policiales-y-tecnologia-de-vigilancia","status":"publish","type":"post","link":"https:\/\/miavision.tv\/index.php\/2025\/08\/24\/ministra-faride-raful-sosua-tendra-mas-agentes-policiales-y-tecnologia-de-vigilancia\/","title":{"rendered":"Ministra Faride Raful: \u201cSos\u00faa tendr\u00e1 m\u00e1s agentes policiales y tecnolog\u00eda de vigilancia\u201d"},"content":{"rendered":"\n<p>Sos\u00faa.- En el marco del programa especial \u201cSos\u00faa Rumbo a un Turismo Familiar\u201d, transmitido desde el Hotel Casa Marina por Miavisi\u00f3n Televisi\u00f3n Nacional e Internacional, la ministra de Interior y Polic\u00eda, Faride Raful, anunci\u00f3 la incorporaci\u00f3n de m\u00e1s de 25 agentes a la dotaci\u00f3n policial de Sos\u00faa y la instalaci\u00f3n de un moderno sistema de vigilancia. La entrevista fue conducida por los comunicadores Sugel Gonz\u00e1lez y Enrique Encarnaci\u00f3n.<\/p>\n\n\n\n<p>La titular de Interior y Polic\u00eda destac\u00f3 que la ciudad contar\u00e1 con 80 c\u00e1maras del 9-1-1, as\u00ed como con nuevas c\u00e1maras integradas al Sistema Nacional de Vigilancia, extendi\u00e9ndose hasta Cabarete. Asimismo, inform\u00f3 que se est\u00e1n colocando 120 c\u00e1maras corporales a agentes policiales y de Politur, con el fin de garantizar la transparencia en el accionar policial y la protecci\u00f3n de los ciudadanos.<\/p>\n\n\n\n<p>Raful subray\u00f3 que estos avances buscan no solo fortalecer la seguridad, sino tambi\u00e9n fomentar la confianza de los inversionistas y el turismo en Sos\u00faa. \u201cLa seguridad es clave para que haya desarrollo, tranquilidad y paz en cualquier demarcaci\u00f3n del pa\u00eds\u201d, expres\u00f3.<\/p>\n\n\n\n<p>La funcionaria resalt\u00f3 que el \u00e9xito de estas iniciativas depender\u00e1 de la participaci\u00f3n activa de empresarios, l\u00edderes comunitarios y el sector eclesi\u00e1stico, quienes \u2014seg\u00fan dijo\u2014 deben integrarse como aliados fundamentales en este proceso de transformaci\u00f3n.<\/p>\n","protected":false},"excerpt":{"rendered":"<p>Sos\u00faa.- En el marco del programa especial \u201cSos\u00faa Rumbo a un Turismo Familiar\u201d, transmitido desde el Hotel Casa Marina por Miavisi\u00f3n Televisi\u00f3n Nacional e Internacional, la ministra de Interior y Polic\u00eda, Faride Raful, anunci\u00f3 la incorporaci\u00f3n de m\u00e1s de 25 agentes a la dotaci\u00f3n policial de Sos\u00faa y la instalaci\u00f3n de un moderno sistema de [&hellip;]<\/p>\n","protected":false},"author":3,"featured_media":857,"comment_status":"open","ping_status":"open","sticky":false,"template":"","format":"standard","meta":{"footnotes":""},"categories":[5],"tags":[],"class_list":["post-856","post","type-post","status-publish","format-standard","has-post-thumbnail","hentry","category-miavision-puerto-plata"],"_links":{"self":[{"href":"https:\/\/miavision.tv\/index.php\/wp-json\/wp\/v2\/posts\/856","targetHints":{"allow":["GET"]}}],"collection":[{"href":"https:\/\/miavision.tv\/index.php\/wp-json\/wp\/v2\/posts"}],"about":[{"href":"https:\/\/miavision.tv\/index.php\/wp-json\/wp\/v2\/types\/post"}],"author":[{"embeddable":true,"href":"https:\/\/miavision.tv\/index.php\/wp-json\/wp\/v2\/users\/3"}],"replies":[{"embeddable":true,"href":"https:\/\/miavision.tv\/index.php\/wp-json\/wp\/v2\/comments?post=856"}],"version-history":[{"count":1,"href":"https:\/\/miavision.tv\/index.php\/wp-json\/wp\/v2\/posts\/856\/revisions"}],"predecessor-version":[{"id":858,"href":"https:\/\/miavision.tv\/index.php\/wp-json\/wp\/v2\/posts\/856\/revisions\/858"}],"wp:featuredmedia":[{"embeddable":true,"href":"https:\/\/miavision.tv\/index.php\/wp-json\/wp\/v2\/media\/857"}],"wp:attachment":[{"href":"https:\/\/miavision.tv\/index.php\/wp-json\/wp\/v2\/media?parent=856"}],"wp:term":[{"taxonomy":"category","embeddable":true,"href":"https:\/\/miavision.tv\/index.php\/wp-json\/wp\/v2\/categories?post=856"},{"taxonomy":"post_tag","embeddable":true,"href":"https:\/\/miavision.tv\/index.php\/wp-json\/wp\/v2\/tags?post=856"}],"curies":[{"name":"wp","href":"https:\/\/api.w.org\/{rel}","templated":true}]}}