{"id":847,"date":"2025-08-14T22:58:38","date_gmt":"2025-08-14T22:58:38","guid":{"rendered":"https:\/\/miavision.tv\/?p=847"},"modified":"2025-08-14T22:58:38","modified_gmt":"2025-08-14T22:58:38","slug":"adp-puerto-plata-alerta-sobre-crisis-de-infraestructura-escolar-a-dias-del-inicio-del-ano-escolar","status":"publish","type":"post","link":"https:\/\/miavision.tv\/index.php\/2025\/08\/14\/adp-puerto-plata-alerta-sobre-crisis-de-infraestructura-escolar-a-dias-del-inicio-del-ano-escolar\/","title":{"rendered":"ADP Puerto Plata alerta sobre crisis de infraestructura escolar a d\u00edas del inicio del a\u00f1o escolar"},"content":{"rendered":"\n<p>Miavision Puerto Plata. \u2013 Durante una entrevista en el programa El Interactivo de Noticias 037 (Matutino), conducido por Enrique Encarnaci\u00f3n, Sugel Gonz\u00e1lez, Juan Gonz\u00e1lez y Cosme Ulloa, el presidente de la Asociaci\u00f3n Dominicana de Profesores (ADP), seccional Puerto Plata, profesor Juan Carlos Almonte, advirti\u00f3 sobre el estado cr\u00edtico de varios centros educativos en el municipio cabecera.<\/p>\n\n\n\n<p>Almonte destac\u00f3 que aunque existen planteles listos para recibir estudiantes, otros presentan condiciones alarmantes que representan un riesgo para docentes y alumnos. Mencion\u00f3 como caso emblem\u00e1tico la Escuela Antera Mota, cuya infraestructura, construida en 1953, ha agotado su vida \u00fatil y podr\u00eda colapsar.<\/p>\n\n\n\n<p>\u201cHay escuelas que deben ser declaradas en estado de emergencia e intervenidas urgentemente\u201d, expres\u00f3 el dirigente magisterial, subrayando que la ADP respalda el inicio del a\u00f1o escolar, pero no permitir\u00e1 que se imparta docencia en edificaciones que pongan en peligro la vida.<\/p>\n\n\n\n<p>El l\u00edder gremial hizo un llamado a las autoridades del Ministerio de Educaci\u00f3n y a organismos t\u00e9cnicos como el Colegio Dominicano de Ingenieros, Arquitectos y Agrimensores (CODIA) para evaluar de manera independiente las condiciones estructurales de los planteles m\u00e1s deteriorados.<\/p>\n","protected":false},"excerpt":{"rendered":"<p>Miavision Puerto Plata. \u2013 Durante una entrevista en el programa El Interactivo de Noticias 037 (Matutino), conducido por Enrique Encarnaci\u00f3n, Sugel Gonz\u00e1lez, Juan Gonz\u00e1lez y Cosme Ulloa, el presidente de la Asociaci\u00f3n Dominicana de Profesores (ADP), seccional Puerto Plata, profesor Juan Carlos Almonte, advirti\u00f3 sobre el estado cr\u00edtico de varios centros educativos en el municipio [&hellip;]<\/p>\n","protected":false},"author":3,"featured_media":848,"comment_status":"open","ping_status":"open","sticky":false,"template":"","format":"standard","meta":{"footnotes":""},"categories":[5],"tags":[],"class_list":["post-847","post","type-post","status-publish","format-standard","has-post-thumbnail","hentry","category-miavision-puerto-plata"],"_links":{"self":[{"href":"https:\/\/miavision.tv\/index.php\/wp-json\/wp\/v2\/posts\/847","targetHints":{"allow":["GET"]}}],"collection":[{"href":"https:\/\/miavision.tv\/index.php\/wp-json\/wp\/v2\/posts"}],"about":[{"href":"https:\/\/miavision.tv\/index.php\/wp-json\/wp\/v2\/types\/post"}],"author":[{"embeddable":true,"href":"https:\/\/miavision.tv\/index.php\/wp-json\/wp\/v2\/users\/3"}],"replies":[{"embeddable":true,"href":"https:\/\/miavision.tv\/index.php\/wp-json\/wp\/v2\/comments?post=847"}],"version-history":[{"count":1,"href":"https:\/\/miavision.tv\/index.php\/wp-json\/wp\/v2\/posts\/847\/revisions"}],"predecessor-version":[{"id":849,"href":"https:\/\/miavision.tv\/index.php\/wp-json\/wp\/v2\/posts\/847\/revisions\/849"}],"wp:featuredmedia":[{"embeddable":true,"href":"https:\/\/miavision.tv\/index.php\/wp-json\/wp\/v2\/media\/848"}],"wp:attachment":[{"href":"https:\/\/miavision.tv\/index.php\/wp-json\/wp\/v2\/media?parent=847"}],"wp:term":[{"taxonomy":"category","embeddable":true,"href":"https:\/\/miavision.tv\/index.php\/wp-json\/wp\/v2\/categories?post=847"},{"taxonomy":"post_tag","embeddable":true,"href":"https:\/\/miavision.tv\/index.php\/wp-json\/wp\/v2\/tags?post=847"}],"curies":[{"name":"wp","href":"https:\/\/api.w.org\/{rel}","templated":true}]}}