{"id":808,"date":"2025-08-14T12:16:20","date_gmt":"2025-08-14T12:16:20","guid":{"rendered":"https:\/\/miavision.tv\/?p=808"},"modified":"2025-08-14T12:16:20","modified_gmt":"2025-08-14T12:16:20","slug":"juan-rafael-osorio-pide-unidad-y-desarrollo-en-la-isabela-historica-criticas-al-cobro-en-playa-punta-devora","status":"publish","type":"post","link":"https:\/\/miavision.tv\/index.php\/2025\/08\/14\/juan-rafael-osorio-pide-unidad-y-desarrollo-en-la-isabela-historica-criticas-al-cobro-en-playa-punta-devora\/","title":{"rendered":"JUAN RAFAEL OSORIO PIDE UNIDAD Y DESARROLLO EN LA ISABELA HIST\u00d3RICA: CR\u00cdTICAS AL COBRO EN PLAYA PUNTA DEVORA"},"content":{"rendered":"\n<p>LUPER\u00d3N, PUERTO PLATA. \u2013 En una entrevista exclusiva para Miavisi\u00f3n Televisi\u00f3n Nacional e Internacional, el exalcalde Juan Rafael Osorio mostr\u00f3 su preocupaci\u00f3n por la reciente privatizaci\u00f3n de la playa Punta Devora, un tema que ha causado controversia en La Isabela Hist\u00f3rica. Durante el programa especial desde Luper\u00f3n, conducido por Juan Grull\u00f3n y Cosme Ulloa, Osorio critic\u00f3 que el cobro de entrada y por uso de ba\u00f1os no cuenta con la aprobaci\u00f3n formal del consejo de regidores, y calific\u00f3 la medida como un error de asesor\u00eda para la actual administraci\u00f3n.<\/p>\n\n\n\n<p>Destac\u00f3 que para justificar cobros en espacios p\u00fablicos se debe garantizar la infraestructura adecuada, seguridad para veh\u00edculos y comodidad para los visitantes, aspectos que, seg\u00fan Osorio, no se han cumplido plenamente, afectando la experiencia tur\u00edstica. Adem\u00e1s, hizo un llamado a corregir esta situaci\u00f3n para proteger el turismo y la imagen hist\u00f3rica del distrito, conocido por ser el lugar donde se fund\u00f3 el primer ayuntamiento de Am\u00e9rica.<\/p>\n\n\n\n<p>Finalmente, envi\u00f3 un mensaje de unidad a su pueblo, exhortando a dejar de lado diferencias partidarias y trabajar juntos en favor del desarrollo integral y la promoci\u00f3n cultural y tur\u00edstica de La Isabela Hist\u00f3rica.<\/p>\n\n\n\n<p>Esta entrevista fue transmitida por Miavisi\u00f3n Televisi\u00f3n Nacional e Internacional y moderada por Juan Grull\u00f3n y Cosme Ulloa.<\/p>\n","protected":false},"excerpt":{"rendered":"<p>LUPER\u00d3N, PUERTO PLATA. \u2013 En una entrevista exclusiva para Miavisi\u00f3n Televisi\u00f3n Nacional e Internacional, el exalcalde Juan Rafael Osorio mostr\u00f3 su preocupaci\u00f3n por la reciente privatizaci\u00f3n de la playa Punta Devora, un tema que ha causado controversia en La Isabela Hist\u00f3rica. Durante el programa especial desde Luper\u00f3n, conducido por Juan Grull\u00f3n y Cosme Ulloa, Osorio [&hellip;]<\/p>\n","protected":false},"author":3,"featured_media":809,"comment_status":"open","ping_status":"open","sticky":false,"template":"","format":"standard","meta":{"footnotes":""},"categories":[5],"tags":[],"class_list":["post-808","post","type-post","status-publish","format-standard","has-post-thumbnail","hentry","category-miavision-puerto-plata"],"_links":{"self":[{"href":"https:\/\/miavision.tv\/index.php\/wp-json\/wp\/v2\/posts\/808","targetHints":{"allow":["GET"]}}],"collection":[{"href":"https:\/\/miavision.tv\/index.php\/wp-json\/wp\/v2\/posts"}],"about":[{"href":"https:\/\/miavision.tv\/index.php\/wp-json\/wp\/v2\/types\/post"}],"author":[{"embeddable":true,"href":"https:\/\/miavision.tv\/index.php\/wp-json\/wp\/v2\/users\/3"}],"replies":[{"embeddable":true,"href":"https:\/\/miavision.tv\/index.php\/wp-json\/wp\/v2\/comments?post=808"}],"version-history":[{"count":1,"href":"https:\/\/miavision.tv\/index.php\/wp-json\/wp\/v2\/posts\/808\/revisions"}],"predecessor-version":[{"id":810,"href":"https:\/\/miavision.tv\/index.php\/wp-json\/wp\/v2\/posts\/808\/revisions\/810"}],"wp:featuredmedia":[{"embeddable":true,"href":"https:\/\/miavision.tv\/index.php\/wp-json\/wp\/v2\/media\/809"}],"wp:attachment":[{"href":"https:\/\/miavision.tv\/index.php\/wp-json\/wp\/v2\/media?parent=808"}],"wp:term":[{"taxonomy":"category","embeddable":true,"href":"https:\/\/miavision.tv\/index.php\/wp-json\/wp\/v2\/categories?post=808"},{"taxonomy":"post_tag","embeddable":true,"href":"https:\/\/miavision.tv\/index.php\/wp-json\/wp\/v2\/tags?post=808"}],"curies":[{"name":"wp","href":"https:\/\/api.w.org\/{rel}","templated":true}]}}