{"id":457,"date":"2024-12-17T17:55:06","date_gmt":"2024-12-17T17:55:06","guid":{"rendered":"https:\/\/miavision.tv\/?p=457"},"modified":"2024-12-17T19:28:44","modified_gmt":"2024-12-17T19:28:44","slug":"librado-emilio-pena-destaca-la-urgencia-de-una-reforma-educativa-para-enfrentar-los-desafios-del-siglo-xxi","status":"publish","type":"post","link":"https:\/\/miavision.tv\/index.php\/2024\/12\/17\/librado-emilio-pena-destaca-la-urgencia-de-una-reforma-educativa-para-enfrentar-los-desafios-del-siglo-xxi\/","title":{"rendered":"Librado Emilio Pe\u00f1a destaca la urgencia de una reforma educativa para enfrentar los desaf\u00edos del siglo XXI"},"content":{"rendered":"\n<p><strong>Santo Domingo, RD<\/strong> \u2013 En el marco de una entrevista reciente en <em>MIAVISI\u00d3N<\/em>, el abogado y dirigente pol\u00edtico Librado Emilio Pe\u00f1a subray\u00f3 la necesidad urgente de una reforma educativa en la Rep\u00fablica Dominicana, que responda a las exigencias del siglo XXI. Seg\u00fan Pe\u00f1a, la educaci\u00f3n es la clave para el desarrollo sostenible del pa\u00eds, y la falta de una reforma integral que aborde las realidades del sistema educativo dominicano representa una de las principales debilidades que enfrenta la naci\u00f3n.<\/p>\n\n\n\n<p>Pe\u00f1a se\u00f1al\u00f3 que, a pesar de los esfuerzos del gobierno por mejorar la educaci\u00f3n p\u00fablica en los \u00faltimos a\u00f1os, los resultados han sido limitados y no se corresponden con las necesidades actuales de la poblaci\u00f3n estudiantil. El dirigente pol\u00edtico argument\u00f3 que el sistema educativo sigue siendo obsoleto y no prepara adecuadamente a los j\u00f3venes para enfrentar los retos de un mundo globalizado, digitalizado y cambiante.<\/p>\n\n\n\n<figure class=\"wp-block-embed is-type-video is-provider-youtube wp-block-embed-youtube wp-embed-aspect-16-9 wp-has-aspect-ratio\"><div class=\"wp-block-embed__wrapper\">\n<iframe loading=\"lazy\" title=\"ENTREVISTA LIBRADO EMILIO PE\u00d1A (ABOGADO, MIEMBRO DIRECCION CENTRAL FP Y PROFESOR UNIVERSITARIO)\" width=\"800\" height=\"450\" src=\"https:\/\/www.youtube.com\/embed\/oFvsmvMOKUM?feature=oembed\" frameborder=\"0\" allow=\"accelerometer; autoplay; clipboard-write; encrypted-media; gyroscope; picture-in-picture; web-share\" referrerpolicy=\"strict-origin-when-cross-origin\" allowfullscreen><\/iframe>\n<\/div><\/figure>\n\n\n\n<p>\u00abEs fundamental que, como sociedad, entendamos que la educaci\u00f3n es la herramienta m\u00e1s poderosa para transformar el futuro del pa\u00eds. Necesitamos un sistema educativo que no solo brinde conocimientos, sino que tambi\u00e9n fomente habilidades cr\u00edticas, creativas y tecnol\u00f3gicas, prepar\u00e1ndonos para un mundo que ya est\u00e1 cambiando r\u00e1pidamente\u00bb, afirm\u00f3 Pe\u00f1a durante la entrevista.<\/p>\n\n\n\n<p>El abogado destac\u00f3 que, para lograr una verdadera reforma educativa, es necesario adoptar un enfoque integral que contemple desde la mejora en la infraestructura de las escuelas hasta la capacitaci\u00f3n y actualizaci\u00f3n continua de los docentes. Adem\u00e1s, hizo hincapi\u00e9 en la importancia de revisar el curr\u00edculo educativo, con el fin de incorporar m\u00e1s asignaturas relacionadas con la ciencia, la tecnolog\u00eda, las matem\u00e1ticas y las humanidades, adaptadas a los nuevos tiempos.<\/p>\n\n\n\n<p>Pe\u00f1a tambi\u00e9n subray\u00f3 que la reforma debe ser inclusiva y garantizar la equidad en el acceso a una educaci\u00f3n de calidad para todos los sectores de la sociedad, sin distinci\u00f3n de origen, nivel socioecon\u00f3mico o ubicaci\u00f3n geogr\u00e1fica. \u00abEs inaceptable que, en pleno siglo XXI, sigan existiendo brechas tan profundas en la calidad de la educaci\u00f3n que reciben los ni\u00f1os y j\u00f3venes de nuestras zonas rurales y urbanos marginales\u00bb, expres\u00f3 Pe\u00f1a.<\/p>\n\n\n\n<p>El dirigente de Fuerza del Pueblo record\u00f3 que una reforma educativa no solo es un asunto de mejorar la calidad del sistema escolar, sino tambi\u00e9n de garantizar que la educaci\u00f3n sea un motor para la igualdad de oportunidades y el progreso social. \u00abNo podemos esperar que nuestros j\u00f3venes se desarrollen en un entorno educativo que no est\u00e9 alineado con las necesidades del mercado laboral global, ni con los desaf\u00edos que el pa\u00eds debe enfrentar en las pr\u00f3ximas d\u00e9cadas\u00bb, agreg\u00f3.<\/p>\n\n\n\n<p>Pe\u00f1a concluy\u00f3 la entrevista reiterando su compromiso con una educaci\u00f3n inclusiva, accesible y de calidad, se\u00f1alando que, para que el pa\u00eds avance hacia un futuro pr\u00f3spero, la educaci\u00f3n debe ser una prioridad nacional, m\u00e1s all\u00e1 de los intereses pol\u00edticos moment\u00e1neos.<\/p>\n\n\n\n<p>Esta posici\u00f3n refleja, seg\u00fan Pe\u00f1a, la visi\u00f3n de Fuerza del Pueblo de trabajar por un pa\u00eds donde todos los ciudadanos tengan las herramientas necesarias para prosperar y contribuir al desarrollo integral de la naci\u00f3n.<\/p>\n","protected":false},"excerpt":{"rendered":"<p>Santo Domingo, RD \u2013 En el marco de una entrevista reciente en MIAVISI\u00d3N, el abogado y dirigente pol\u00edtico Librado Emilio Pe\u00f1a subray\u00f3 la necesidad urgente de una reforma educativa en la Rep\u00fablica Dominicana, que responda a las exigencias del siglo XXI. Seg\u00fan Pe\u00f1a, la educaci\u00f3n es la clave para el desarrollo sostenible del pa\u00eds, y [&hellip;]<\/p>\n","protected":false},"author":1,"featured_media":458,"comment_status":"open","ping_status":"open","sticky":false,"template":"","format":"standard","meta":{"footnotes":""},"categories":[3],"tags":[],"class_list":["post-457","post","type-post","status-publish","format-standard","has-post-thumbnail","hentry","category-noticias"],"_links":{"self":[{"href":"https:\/\/miavision.tv\/index.php\/wp-json\/wp\/v2\/posts\/457","targetHints":{"allow":["GET"]}}],"collection":[{"href":"https:\/\/miavision.tv\/index.php\/wp-json\/wp\/v2\/posts"}],"about":[{"href":"https:\/\/miavision.tv\/index.php\/wp-json\/wp\/v2\/types\/post"}],"author":[{"embeddable":true,"href":"https:\/\/miavision.tv\/index.php\/wp-json\/wp\/v2\/users\/1"}],"replies":[{"embeddable":true,"href":"https:\/\/miavision.tv\/index.php\/wp-json\/wp\/v2\/comments?post=457"}],"version-history":[{"count":2,"href":"https:\/\/miavision.tv\/index.php\/wp-json\/wp\/v2\/posts\/457\/revisions"}],"predecessor-version":[{"id":460,"href":"https:\/\/miavision.tv\/index.php\/wp-json\/wp\/v2\/posts\/457\/revisions\/460"}],"wp:featuredmedia":[{"embeddable":true,"href":"https:\/\/miavision.tv\/index.php\/wp-json\/wp\/v2\/media\/458"}],"wp:attachment":[{"href":"https:\/\/miavision.tv\/index.php\/wp-json\/wp\/v2\/media?parent=457"}],"wp:term":[{"taxonomy":"category","embeddable":true,"href":"https:\/\/miavision.tv\/index.php\/wp-json\/wp\/v2\/categories?post=457"},{"taxonomy":"post_tag","embeddable":true,"href":"https:\/\/miavision.tv\/index.php\/wp-json\/wp\/v2\/tags?post=457"}],"curies":[{"name":"wp","href":"https:\/\/api.w.org\/{rel}","templated":true}]}}