{"id":436,"date":"2024-12-17T04:47:04","date_gmt":"2024-12-17T04:47:04","guid":{"rendered":"https:\/\/miavision.tv\/?p=436"},"modified":"2024-12-17T04:47:04","modified_gmt":"2024-12-17T04:47:04","slug":"el-feda-trabaja-para-recuperar-proyectos-comunitarios-y-prioriza-la-transparencia","status":"publish","type":"post","link":"https:\/\/miavision.tv\/index.php\/2024\/12\/17\/el-feda-trabaja-para-recuperar-proyectos-comunitarios-y-prioriza-la-transparencia\/","title":{"rendered":"EL FEDA TRABAJA PARA RECUPERAR PROYECTOS COMUNITARIOS Y PRIORIZA LA TRANSPARENCIA\u00bb"},"content":{"rendered":"\n<p>Por: La Redacci\u00f3n.<\/p>\n\n\n\n<p>Puerto Plata. \u2013 El Fondo Especial para el Desarrollo Agropecuario (FEDA) est\u00e1 tomando medidas contundentes para recuperar proyectos comunitarios que fueron abandonados o mal manejados en gestiones anteriores. Ram\u00f3n Antonio Cruz, subdirector de la instituci\u00f3n, destac\u00f3 los esfuerzos actuales para reorientar recursos hacia las comunidades, asegur\u00e1ndose de que se utilicen de manera <a><\/a>eficiente y transparente.<\/p>\n\n\n\n<p>Uno de los casos emblem\u00e1ticos es el proyecto en Belloso, Luper\u00f3n, donde quedaron activos como un cami\u00f3n, maquinarias y una nave en desuso debido a la mala administraci\u00f3n de la directiva anterior.<\/p>\n\n\n\n<p>Cruz se\u00f1al\u00f3 que estos bienes, aunque est\u00e1n registrados a nombre del FEDA, han permanecido inactivos y sin beneficiar a la comunidad. \u00abEstamos trabajando para que estos activos regresen a la comunidad, donde realmente deben estar, en lugar de quedarse en manos de quienes no los usan ni administran\u00bb, explic\u00f3.<\/p>\n\n\n\n<figure class=\"wp-block-embed is-type-video is-provider-youtube wp-block-embed-youtube wp-embed-aspect-16-9 wp-has-aspect-ratio\"><div class=\"wp-block-embed__wrapper\">\n<iframe loading=\"lazy\" title=\"ENTREVISTA RAMON ANTONIO CRUZ (SUB-DIRECTOR NACIONAL FONDO ESPECIAL PARA EL DESARROLLO AGROPECUARIO)\" width=\"800\" height=\"450\" src=\"https:\/\/www.youtube.com\/embed\/XQw-z_uFFaA?feature=oembed\" frameborder=\"0\" allow=\"accelerometer; autoplay; clipboard-write; encrypted-media; gyroscope; picture-in-picture; web-share\" referrerpolicy=\"strict-origin-when-cross-origin\" allowfullscreen><\/iframe>\n<\/div><\/figure>\n\n\n\n<p>El proceso para resolver esta situaci\u00f3n ha incluido la creaci\u00f3n de una nueva cooperativa comunitaria en Belloso. Seg\u00fan Cruz, esto garantizar\u00e1 que los recursos sean administrados por un grupo comprometido con el desarrollo de la zona. \u00abCreemos firmemente que los bienes de una comunidad deben permanecer en ella. Por eso, estamos siguiendo un protocolo riguroso que incluye la participaci\u00f3n de la Procuradur\u00eda y otras instancias legales\u00bb, afirm\u00f3.<\/p>\n\n\n\n<p>Adem\u00e1s de recuperar activos, el FEDA busca asegurar que los proyectos tengan un impacto duradero en las comunidades. En este caso, la producci\u00f3n de cereza, que es caracter\u00edstica de Belloso, puede revitalizarse con el uso adecuado de los recursos existentes. \u00abQueremos que la cereza de esta regi\u00f3n vuelva a ser un s\u00edmbolo de productividad, en lugar de una oportunidad perdida\u00bb, a\u00f1adi\u00f3 Cruz.<\/p>\n\n\n\n<p>Con estas acciones, el FEDA no solo resuelve problemas del pasado, sino que tambi\u00e9n establece un est\u00e1ndar de transparencia y responsabilidad en la administraci\u00f3n de recursos p\u00fablicos. \u00abNuestra prioridad es que los proyectos tengan un impacto real y sostenible en las comunidades a las que servimos\u00bb, concluy\u00f3 Cruz.<\/p>\n\n\n\n<p>Ram\u00f3n Antonio Cruz ofreci\u00f3 estas declaraciones a trav\u00e9s del espacio La Entrevista Estelar, transmitido de 12:00 AM a 1:00 PM por MiaVision, televisi\u00f3n nacional e internacional, cubriendo todo el territorio dominicano y m\u00e1s de 65 pa\u00edses en 5 continentes.<\/p>\n\n\n\n<p>En todo el territorio de la Rep\u00fablica Dominicana a trav\u00e9s de ClaroTV por los canales 97 y 1097 HD, el canal 72 de Altice y en Wind Telecom por el canal 396.<\/p>\n\n\n\n<p>En la zona norte por Cable De Lancer canal 420 (Sos\u00faa, Cabarete); Cable Atl\u00e1ntico canal 92 (Imbert, parte Oeste de Puerto Plata); Telecable Primavisi\u00f3n canal 92 (Navarrete, Mao, Montecristi; Telecable Maim\u00f3n canal 92, CAVIESA 92 para Villa Isabela y a trav\u00e9s de King Radio 93.3 FM para toda la provincia de Puerto Plata.<\/p>\n","protected":false},"excerpt":{"rendered":"<p>Por: La Redacci\u00f3n. Puerto Plata. \u2013 El Fondo Especial para el Desarrollo Agropecuario (FEDA) est\u00e1 tomando medidas contundentes para recuperar proyectos comunitarios que fueron abandonados o mal manejados en gestiones anteriores. Ram\u00f3n Antonio Cruz, subdirector de la instituci\u00f3n, destac\u00f3 los esfuerzos actuales para reorientar recursos hacia las comunidades, asegur\u00e1ndose de que se utilicen de manera [&hellip;]<\/p>\n","protected":false},"author":1,"featured_media":437,"comment_status":"open","ping_status":"open","sticky":false,"template":"","format":"standard","meta":{"footnotes":""},"categories":[3],"tags":[],"class_list":["post-436","post","type-post","status-publish","format-standard","has-post-thumbnail","hentry","category-noticias"],"_links":{"self":[{"href":"https:\/\/miavision.tv\/index.php\/wp-json\/wp\/v2\/posts\/436","targetHints":{"allow":["GET"]}}],"collection":[{"href":"https:\/\/miavision.tv\/index.php\/wp-json\/wp\/v2\/posts"}],"about":[{"href":"https:\/\/miavision.tv\/index.php\/wp-json\/wp\/v2\/types\/post"}],"author":[{"embeddable":true,"href":"https:\/\/miavision.tv\/index.php\/wp-json\/wp\/v2\/users\/1"}],"replies":[{"embeddable":true,"href":"https:\/\/miavision.tv\/index.php\/wp-json\/wp\/v2\/comments?post=436"}],"version-history":[{"count":1,"href":"https:\/\/miavision.tv\/index.php\/wp-json\/wp\/v2\/posts\/436\/revisions"}],"predecessor-version":[{"id":438,"href":"https:\/\/miavision.tv\/index.php\/wp-json\/wp\/v2\/posts\/436\/revisions\/438"}],"wp:featuredmedia":[{"embeddable":true,"href":"https:\/\/miavision.tv\/index.php\/wp-json\/wp\/v2\/media\/437"}],"wp:attachment":[{"href":"https:\/\/miavision.tv\/index.php\/wp-json\/wp\/v2\/media?parent=436"}],"wp:term":[{"taxonomy":"category","embeddable":true,"href":"https:\/\/miavision.tv\/index.php\/wp-json\/wp\/v2\/categories?post=436"},{"taxonomy":"post_tag","embeddable":true,"href":"https:\/\/miavision.tv\/index.php\/wp-json\/wp\/v2\/tags?post=436"}],"curies":[{"name":"wp","href":"https:\/\/api.w.org\/{rel}","templated":true}]}}