{"id":433,"date":"2024-12-17T04:45:41","date_gmt":"2024-12-17T04:45:41","guid":{"rendered":"https:\/\/miavision.tv\/?p=433"},"modified":"2024-12-17T04:45:41","modified_gmt":"2024-12-17T04:45:41","slug":"programas-del-feda-motivan-a-jovenes-y-madres-a-volver-al-campo-dominicano","status":"publish","type":"post","link":"https:\/\/miavision.tv\/index.php\/2024\/12\/17\/programas-del-feda-motivan-a-jovenes-y-madres-a-volver-al-campo-dominicano\/","title":{"rendered":"PROGRAMAS DEL FEDA MOTIVAN A J\u00d3VENES Y MADRES A VOLVER AL CAMPO DOMINICANO"},"content":{"rendered":"\n<p>Por: La Redacci\u00f3n.<\/p>\n\n\n\n<p>Puerto Plata. \u2013El Fondo Especial para el Desarrollo Agropecuario (FEDA) ha puesto en marcha programas innovadores como \u00abJoven del Campo\u00bb y \u00abMadre del Campo\u00bb para fomentar el retorno de las familias al sector agr\u00edcola, seg\u00fan inform\u00f3 Ram\u00f3n Antonio Cruz, subdirector de la instituci\u00f3n. Estas iniciativas est\u00e1n dise\u00f1adas para proporcionar recursos y oportunidades a j\u00f3venes y madres que <a><\/a>desean emprender en la agricultura, revitalizando as\u00ed la econom\u00eda rural en Rep\u00fablica Dominicana.<\/p>\n\n\n\n<p>\u00abQueremos demostrar que el campo no solo tiene potencial, sino que tambi\u00e9n puede ofrecer estabilidad econ\u00f3mica y oportunidades de desarrollo\u00bb, asegur\u00f3 Cruz. Los programas ofrecen pr\u00e9stamos a tasa cero, apoyo log\u00edstico y en algunos casos, donaciones directas para que los beneficiarios puedan trabajar parcelas agr\u00edcolas y generar ingresos de manera sostenible.<\/p>\n\n\n\n<p>Uno de los aspectos destacados de estos programas es el enfoque en la capacitaci\u00f3n t\u00e9cnica. Seg\u00fan Cruz, se proporciona formaci\u00f3n en agricultura y ganader\u00eda, as\u00ed como asesoramiento continuo para garantizar que los participantes puedan aprovechar al m\u00e1ximo las oportunidades que se les brindan. \u00abNo se trata solo de dar recursos, sino de empoderar a las personas con el conocimiento necesario para tener \u00e9xito\u00bb, afirm\u00f3.<\/p>\n\n\n\n<figure class=\"wp-block-embed is-type-video is-provider-youtube wp-block-embed-youtube wp-embed-aspect-16-9 wp-has-aspect-ratio\"><div class=\"wp-block-embed__wrapper\">\n<iframe loading=\"lazy\" title=\"ENTREVISTA RAMON ANTONIO CRUZ (SUB-DIRECTOR NACIONAL FONDO ESPECIAL PARA EL DESARROLLO AGROPECUARIO)\" width=\"800\" height=\"450\" src=\"https:\/\/www.youtube.com\/embed\/XQw-z_uFFaA?feature=oembed\" frameborder=\"0\" allow=\"accelerometer; autoplay; clipboard-write; encrypted-media; gyroscope; picture-in-picture; web-share\" referrerpolicy=\"strict-origin-when-cross-origin\" allowfullscreen><\/iframe>\n<\/div><\/figure>\n\n\n\n<p>En comunidades como Guananico, en la provincia de Puerto Plata, estos programas ya est\u00e1n mostrando resultados tangibles. Cruz destac\u00f3 que la juventud est\u00e1 retornando al campo para dedicarse a actividades como la producci\u00f3n de cacao, una de las iniciativas m\u00e1s rentables del sector agr\u00edcola. En esta regi\u00f3n, el FEDA tambi\u00e9n apoya con viveros, insumos y herramientas para mejorar la calidad de las cosechas.<\/p>\n\n\n\n<p>\u00abEstos programas no solo cambian la vida de las familias beneficiadas, sino que tambi\u00e9n fortalecen la econom\u00eda de las comunidades rurales\u00bb, concluy\u00f3 Cruz. Con iniciativas como estas, el FEDA reafirma su compromiso de revitalizar el sector agr\u00edcola y devolverle al campo su papel central en el desarrollo del pa\u00eds.<\/p>\n\n\n\n<p>Ram\u00f3n Antonio Cruz ofreci\u00f3 estas declaraciones a trav\u00e9s del espacio La Entrevista Estelar, transmitido de 12:00 AM a 1:00 PM por MiaVision, televisi\u00f3n nacional e internacional, cubriendo todo el territorio dominicano y m\u00e1s de 65 pa\u00edses en 5 continentes.<\/p>\n\n\n\n<p>En todo el territorio de la Rep\u00fablica Dominicana a trav\u00e9s de ClaroTV por los canales 97 y 1097 HD, el canal 72 de Altice y en Wind Telecom por el canal 396.<\/p>\n\n\n\n<p>En la zona norte por Cable De Lancer canal 420 (Sos\u00faa, Cabarete); Cable Atl\u00e1ntico canal 92 (Imbert, parte Oeste de Puerto Plata); Telecable Primavisi\u00f3n canal 92 (Navarrete, Mao, Montecristi; Telecable Maim\u00f3n canal 92, CAVIESA 92 para Villa Isabela y a trav\u00e9s de King Radio 93.3 FM para toda la provincia de Puerto Plata.<\/p>\n","protected":false},"excerpt":{"rendered":"<p>Por: La Redacci\u00f3n. Puerto Plata. \u2013El Fondo Especial para el Desarrollo Agropecuario (FEDA) ha puesto en marcha programas innovadores como \u00abJoven del Campo\u00bb y \u00abMadre del Campo\u00bb para fomentar el retorno de las familias al sector agr\u00edcola, seg\u00fan inform\u00f3 Ram\u00f3n Antonio Cruz, subdirector de la instituci\u00f3n. Estas iniciativas est\u00e1n dise\u00f1adas para proporcionar recursos y oportunidades [&hellip;]<\/p>\n","protected":false},"author":1,"featured_media":434,"comment_status":"open","ping_status":"open","sticky":false,"template":"","format":"standard","meta":{"footnotes":""},"categories":[3],"tags":[],"class_list":["post-433","post","type-post","status-publish","format-standard","has-post-thumbnail","hentry","category-noticias"],"_links":{"self":[{"href":"https:\/\/miavision.tv\/index.php\/wp-json\/wp\/v2\/posts\/433","targetHints":{"allow":["GET"]}}],"collection":[{"href":"https:\/\/miavision.tv\/index.php\/wp-json\/wp\/v2\/posts"}],"about":[{"href":"https:\/\/miavision.tv\/index.php\/wp-json\/wp\/v2\/types\/post"}],"author":[{"embeddable":true,"href":"https:\/\/miavision.tv\/index.php\/wp-json\/wp\/v2\/users\/1"}],"replies":[{"embeddable":true,"href":"https:\/\/miavision.tv\/index.php\/wp-json\/wp\/v2\/comments?post=433"}],"version-history":[{"count":1,"href":"https:\/\/miavision.tv\/index.php\/wp-json\/wp\/v2\/posts\/433\/revisions"}],"predecessor-version":[{"id":435,"href":"https:\/\/miavision.tv\/index.php\/wp-json\/wp\/v2\/posts\/433\/revisions\/435"}],"wp:featuredmedia":[{"embeddable":true,"href":"https:\/\/miavision.tv\/index.php\/wp-json\/wp\/v2\/media\/434"}],"wp:attachment":[{"href":"https:\/\/miavision.tv\/index.php\/wp-json\/wp\/v2\/media?parent=433"}],"wp:term":[{"taxonomy":"category","embeddable":true,"href":"https:\/\/miavision.tv\/index.php\/wp-json\/wp\/v2\/categories?post=433"},{"taxonomy":"post_tag","embeddable":true,"href":"https:\/\/miavision.tv\/index.php\/wp-json\/wp\/v2\/tags?post=433"}],"curies":[{"name":"wp","href":"https:\/\/api.w.org\/{rel}","templated":true}]}}