{"id":430,"date":"2024-12-17T04:43:56","date_gmt":"2024-12-17T04:43:56","guid":{"rendered":"https:\/\/miavision.tv\/?p=430"},"modified":"2024-12-17T04:43:56","modified_gmt":"2024-12-17T04:43:56","slug":"el-feda-impulsa-molinos-de-viento-para-combatir-la-sequia-en-montecristi","status":"publish","type":"post","link":"https:\/\/miavision.tv\/index.php\/2024\/12\/17\/el-feda-impulsa-molinos-de-viento-para-combatir-la-sequia-en-montecristi\/","title":{"rendered":"EL FEDA IMPULSA MOLINOS DE VIENTO PARA COMBATIR LA SEQU\u00cdA EN MONTECRISTI\u00bb"},"content":{"rendered":"\n<p>Por: La Redacci\u00f3n.<\/p>\n\n\n\n<p>Puerto Plata. \u2013 El Fondo Especial para el Desarrollo Agropecuario (FEDA) est\u00e1 revolucionando las soluciones a la sequ\u00eda en Montecristi, una de las zonas m\u00e1s afectadas por la escasez de agua en Rep\u00fablica Dominicana.<\/p>\n\n\n\n<p>Ram\u00f3n Antonio Cruz, subdirector del FEDA, inform\u00f3 que se est\u00e1n instalando molinos de viento en comunidades costeras como Villa V\u00e1squez y Villa Elisa, para garantizar el suministro de agua en \u00e1reas con hist\u00f3ricos problemas de acceso.<\/p>\n\n\n\n<p>Esta iniciativa forma parte de los esfuerzos del gobierno para modernizar las soluciones a las necesidades agr\u00edcolas y sociales.<br>\u00abEstamos proporcionando un recurso esencial como el agua a trav\u00e9s de una tecnolog\u00eda limpia y sostenible\u00bb, destac\u00f3 Cruz. Este proyecto no solo busca mejorar la vida de los habitantes locales, sino tambi\u00e9n fortalecer la productividad de las actividades agr\u00edcolas y ganaderas, que han sido impactadas durante a\u00f1os por las condiciones clim\u00e1ticas adversas.<\/p>\n\n\n\n<figure class=\"wp-block-embed is-type-video is-provider-youtube wp-block-embed-youtube wp-embed-aspect-16-9 wp-has-aspect-ratio\"><div class=\"wp-block-embed__wrapper\">\n<iframe loading=\"lazy\" title=\"ENTREVISTA RAMON ANTONIO CRUZ (SUB-DIRECTOR NACIONAL FONDO ESPECIAL PARA EL DESARROLLO AGROPECUARIO)\" width=\"800\" height=\"450\" src=\"https:\/\/www.youtube.com\/embed\/XQw-z_uFFaA?feature=oembed\" frameborder=\"0\" allow=\"accelerometer; autoplay; clipboard-write; encrypted-media; gyroscope; picture-in-picture; web-share\" referrerpolicy=\"strict-origin-when-cross-origin\" allowfullscreen><\/iframe>\n<\/div><\/figure>\n\n\n\n<p>El subdirector explic\u00f3 que los molinos son parte de un plan integral que incluye la instalaci\u00f3n de sistemas de distribuci\u00f3n eficientes y programas de capacitaci\u00f3n para las comunidades beneficiadas. \u00abNuestra meta es garantizar que estos proyectos no solo resuelvan un problema inmediato, sino que se mantengan a largo plazo mediante la apropiaci\u00f3n comunitaria\u00bb, a\u00f1adi\u00f3.<\/p>\n\n\n\n<p>Montecristi, conocida por su potencial agr\u00edcola, enfrenta un desaf\u00edo constante debido a la falta de recursos h\u00eddricos. Sin embargo, gracias a estos esfuerzos del FEDA, se espera que las comunidades locales puedan aprovechar mejor sus tierras y recursos. \u00abEl agua es vida, y con este proyecto estamos cambiando el panorama de muchas familias que antes solo pod\u00edan so\u00f1ar con tener acceso a este recurso b\u00e1sico\u00bb, concluy\u00f3 Cruz.<\/p>\n\n\n\n<p>Este tipo de iniciativas refuerzan el compromiso del FEDA con el desarrollo sostenible en las zonas rurales del pa\u00eds, utilizando tecnolog\u00edas amigables con el medio ambiente y respondiendo a las necesidades espec\u00edficas de las comunidades.<\/p>\n\n\n\n<p>Ram\u00f3n Antonio Cruz ofreci\u00f3 estas declaraciones a trav\u00e9s del espacio La Entrevista Estelar, transmitido de 12:00 AM a 1:00 PM por MiaVision, televisi\u00f3n nacional e internacional, cubriendo todo el territorio dominicano y m\u00e1s de 65 pa\u00edses en 5 continentes.<\/p>\n\n\n\n<p>En todo el territorio de la Rep\u00fablica Dominicana a trav\u00e9s de ClaroTV por los canales 97 y 1097 HD, el canal 72 de Altice y en Wind Telecom por el canal 396.<\/p>\n\n\n\n<p>En la zona norte por Cable De Lancer canal 420 (Sos\u00faa, Cabarete); Cable Atl\u00e1ntico canal 92 (Imbert, parte Oeste de Puerto Plata); Telecable Primavisi\u00f3n canal 92 (Navarrete, Mao, Montecristi; Telecable Maim\u00f3n canal 92, CAVIESA 92 para Villa Isabela y a trav\u00e9s de King Radio 93.3 FM para toda la provincia de Puerto Plata.<\/p>\n","protected":false},"excerpt":{"rendered":"<p>Por: La Redacci\u00f3n. Puerto Plata. \u2013 El Fondo Especial para el Desarrollo Agropecuario (FEDA) est\u00e1 revolucionando las soluciones a la sequ\u00eda en Montecristi, una de las zonas m\u00e1s afectadas por la escasez de agua en Rep\u00fablica Dominicana. Ram\u00f3n Antonio Cruz, subdirector del FEDA, inform\u00f3 que se est\u00e1n instalando molinos de viento en comunidades costeras como [&hellip;]<\/p>\n","protected":false},"author":1,"featured_media":431,"comment_status":"open","ping_status":"open","sticky":false,"template":"","format":"standard","meta":{"footnotes":""},"categories":[3],"tags":[],"class_list":["post-430","post","type-post","status-publish","format-standard","has-post-thumbnail","hentry","category-noticias"],"_links":{"self":[{"href":"https:\/\/miavision.tv\/index.php\/wp-json\/wp\/v2\/posts\/430","targetHints":{"allow":["GET"]}}],"collection":[{"href":"https:\/\/miavision.tv\/index.php\/wp-json\/wp\/v2\/posts"}],"about":[{"href":"https:\/\/miavision.tv\/index.php\/wp-json\/wp\/v2\/types\/post"}],"author":[{"embeddable":true,"href":"https:\/\/miavision.tv\/index.php\/wp-json\/wp\/v2\/users\/1"}],"replies":[{"embeddable":true,"href":"https:\/\/miavision.tv\/index.php\/wp-json\/wp\/v2\/comments?post=430"}],"version-history":[{"count":1,"href":"https:\/\/miavision.tv\/index.php\/wp-json\/wp\/v2\/posts\/430\/revisions"}],"predecessor-version":[{"id":432,"href":"https:\/\/miavision.tv\/index.php\/wp-json\/wp\/v2\/posts\/430\/revisions\/432"}],"wp:featuredmedia":[{"embeddable":true,"href":"https:\/\/miavision.tv\/index.php\/wp-json\/wp\/v2\/media\/431"}],"wp:attachment":[{"href":"https:\/\/miavision.tv\/index.php\/wp-json\/wp\/v2\/media?parent=430"}],"wp:term":[{"taxonomy":"category","embeddable":true,"href":"https:\/\/miavision.tv\/index.php\/wp-json\/wp\/v2\/categories?post=430"},{"taxonomy":"post_tag","embeddable":true,"href":"https:\/\/miavision.tv\/index.php\/wp-json\/wp\/v2\/tags?post=430"}],"curies":[{"name":"wp","href":"https:\/\/api.w.org\/{rel}","templated":true}]}}