{"id":1908,"date":"2026-09-02T11:01:38","date_gmt":"2026-09-02T11:01:38","guid":{"rendered":"https:\/\/miavision.tv\/?p=1908"},"modified":"2026-09-02T11:01:38","modified_gmt":"2026-09-02T11:01:38","slug":"ayuntamiento-de-puerto-plata-dara-seguimiento-a-denuncia-sobre-residuos-y-malos-olores-en-el-malecon","status":"publish","type":"post","link":"https:\/\/miavision.tv\/index.php\/2026\/09\/02\/ayuntamiento-de-puerto-plata-dara-seguimiento-a-denuncia-sobre-residuos-y-malos-olores-en-el-malecon\/","title":{"rendered":"AYUNTAMIENTO DE PUERTO PLATA DAR\u00c1 SEGUIMIENTO A DENUNCIA SOBRE RESIDUOS Y MALOS OLORES EN EL MALEC\u00d3N"},"content":{"rendered":"\n<blockquote class=\"wp-block-quote is-layout-flow wp-block-quote-is-layout-flow\">\n<p class=\"wp-block-paragraph\"><strong>Jos\u00e9 Luis G\u00f3mez asegur\u00f3 que realizar\u00e1 una visita al establecimiento se\u00f1alado para verificar la situaci\u00f3n planteada durante el programa<\/strong><\/p>\n<\/blockquote>\n\n\n\n<p class=\"wp-block-paragraph\"><strong>MIAVISION PUERTO PLATA.\u2013<\/strong>&nbsp;El director de Operaciones del Ayuntamiento de Puerto Plata,&nbsp;<strong>Jos\u00e9 Luis G\u00f3mez<\/strong>, manifest\u00f3 su disposici\u00f3n de dar seguimiento a una denuncia relacionada con el manejo de residuos en un establecimiento ubicado en el Malec\u00f3n de esta ciudad. El tema surgi\u00f3 durante su participaci\u00f3n en el programa&nbsp;<strong>\u201cINTERACTIVO DE NOTICIAS 037\u201d<\/strong>, una producci\u00f3n de&nbsp;<strong>Miavision<\/strong>, conducido por&nbsp;<strong>Bienvenido Dur\u00e1n, Idaneci Qui\u00f1onez, El\u00edas Cris\u00f3stomo y Freddy V\u00e1squez<\/strong>.<\/p>\n\n\n\n<p class=\"wp-block-paragraph\">Durante la entrevista, uno de los conductores plante\u00f3 la situaci\u00f3n que, seg\u00fan fue denunciada en el espacio, se estar\u00eda produciendo durante la recogida de desechos en las inmediaciones de un negocio identificado como&nbsp;<strong>La Lola<\/strong>, donde presuntamente quedar\u00edan residuos grasos y malos olores luego del proceso de recolecci\u00f3n. La inquietud fue presentada como una preocupaci\u00f3n relacionada con la limpieza y la imagen del Malec\u00f3n.<\/p>\n\n\n\n<p class=\"wp-block-paragraph\">Ante el planteamiento, G\u00f3mez respondi\u00f3 que dar\u00eda seguimiento inmediato a la denuncia y que realizar\u00eda una visita al lugar para conocer directamente las condiciones se\u00f1aladas. El funcionario destac\u00f3 la importancia de mantener adecuados niveles de higiene en una zona de alta circulaci\u00f3n de residentes y visitantes, especialmente por tratarse de uno de los espacios p\u00fablicos m\u00e1s representativos de Puerto Plata.<\/p>\n\n\n\n<p class=\"wp-block-paragraph\">El director de Operaciones tambi\u00e9n plante\u00f3 la conveniencia de fortalecer el manejo de los residuos mediante el uso de contenedores pl\u00e1sticos, al tiempo que sostuvo que la limpieza de Puerto Plata constituye una responsabilidad compartida entre las autoridades, los establecimientos comerciales, las comunidades y la ciudadan\u00eda. Su posici\u00f3n fue expresada en el contexto de la conversaci\u00f3n sobre los servicios municipales y la atenci\u00f3n a las denuncias comunitarias.<\/p>\n\n\n\n<p class=\"wp-block-paragraph\">La participaci\u00f3n de&nbsp;<strong>Jos\u00e9 Luis G\u00f3mez, director de Operaciones del Ayuntamiento de Puerto Plata<\/strong>, tuvo lugar en&nbsp;<strong>\u201cINTERACTIVO DE NOTICIAS 037\u201d<\/strong>, producci\u00f3n de&nbsp;<strong>Miavision<\/strong>, bajo la conducci\u00f3n de&nbsp;<strong>Bienvenido Dur\u00e1n, Idaneci Qui\u00f1onez, El\u00edas Cris\u00f3stomo y Freddy V\u00e1squez<\/strong>, espacio en el que se abordaron diferentes temas de inter\u00e9s para las comunidades puertoplate\u00f1as.<\/p>\n\n\n\n<p class=\"wp-block-paragraph\"><strong>Cobertura Nacional e Internacional:<\/strong>&nbsp;Miavision Televisi\u00f3n Nacional e Internacional,&nbsp;<strong>Canal 97 de Claro TV, Canal 1097 a nivel internacional para m\u00e1s de 65 pa\u00edses, Canal 1062 Wind y Canal 92 en todos los sistemas de cable<\/strong>.<\/p>\n","protected":false},"excerpt":{"rendered":"<p>Jos\u00e9 Luis G\u00f3mez asegur\u00f3 que realizar\u00e1 una visita al establecimiento se\u00f1alado para verificar la situaci\u00f3n planteada durante el programa MIAVISION PUERTO PLATA.\u2013&nbsp;El director de Operaciones del Ayuntamiento de Puerto Plata,&nbsp;Jos\u00e9 Luis G\u00f3mez, manifest\u00f3 su disposici\u00f3n de dar seguimiento a una denuncia relacionada con el manejo de residuos en un establecimiento ubicado en el Malec\u00f3n de [&hellip;]<\/p>\n","protected":false},"author":4,"featured_media":1909,"comment_status":"open","ping_status":"open","sticky":false,"template":"","format":"standard","meta":{"footnotes":""},"categories":[5],"tags":[],"class_list":["post-1908","post","type-post","status-publish","format-standard","has-post-thumbnail","hentry","category-miavision-puerto-plata"],"_links":{"self":[{"href":"https:\/\/miavision.tv\/index.php\/wp-json\/wp\/v2\/posts\/1908","targetHints":{"allow":["GET"]}}],"collection":[{"href":"https:\/\/miavision.tv\/index.php\/wp-json\/wp\/v2\/posts"}],"about":[{"href":"https:\/\/miavision.tv\/index.php\/wp-json\/wp\/v2\/types\/post"}],"author":[{"embeddable":true,"href":"https:\/\/miavision.tv\/index.php\/wp-json\/wp\/v2\/users\/4"}],"replies":[{"embeddable":true,"href":"https:\/\/miavision.tv\/index.php\/wp-json\/wp\/v2\/comments?post=1908"}],"version-history":[{"count":1,"href":"https:\/\/miavision.tv\/index.php\/wp-json\/wp\/v2\/posts\/1908\/revisions"}],"predecessor-version":[{"id":1910,"href":"https:\/\/miavision.tv\/index.php\/wp-json\/wp\/v2\/posts\/1908\/revisions\/1910"}],"wp:featuredmedia":[{"embeddable":true,"href":"https:\/\/miavision.tv\/index.php\/wp-json\/wp\/v2\/media\/1909"}],"wp:attachment":[{"href":"https:\/\/miavision.tv\/index.php\/wp-json\/wp\/v2\/media?parent=1908"}],"wp:term":[{"taxonomy":"category","embeddable":true,"href":"https:\/\/miavision.tv\/index.php\/wp-json\/wp\/v2\/categories?post=1908"},{"taxonomy":"post_tag","embeddable":true,"href":"https:\/\/miavision.tv\/index.php\/wp-json\/wp\/v2\/tags?post=1908"}],"curies":[{"name":"wp","href":"https:\/\/api.w.org\/{rel}","templated":true}]}}