{"id":1905,"date":"2026-09-02T10:58:46","date_gmt":"2026-09-02T10:58:46","guid":{"rendered":"https:\/\/miavision.tv\/?p=1905"},"modified":"2026-09-02T10:58:46","modified_gmt":"2026-09-02T10:58:46","slug":"jose-luis-gomez-informa-sobre-trabajos-de-asfaltado-y-acondicionamiento-vial-en-san-marcos","status":"publish","type":"post","link":"https:\/\/miavision.tv\/index.php\/2026\/09\/02\/jose-luis-gomez-informa-sobre-trabajos-de-asfaltado-y-acondicionamiento-vial-en-san-marcos\/","title":{"rendered":"JOS\u00c9 LUIS G\u00d3MEZ INFORMA SOBRE TRABAJOS DE ASFALTADO Y ACONDICIONAMIENTO VIAL EN SAN MARCOS"},"content":{"rendered":"\n<blockquote class=\"wp-block-quote is-layout-flow wp-block-quote-is-layout-flow\">\n<p class=\"wp-block-paragraph\"><strong>Director de Operaciones del Ayuntamiento asegura que varias comunidades han sido incorporadas a jornadas de mejoramiento de sus calles<\/strong><\/p>\n<\/blockquote>\n\n\n\n<p class=\"wp-block-paragraph\"><strong>MIAVISION PUERTO PLATA.\u2013<\/strong>\u00a0El director de Operaciones del Ayuntamiento de Puerto Plata,\u00a0<strong>Jos\u00e9 Luis G\u00f3mez<\/strong>, inform\u00f3 sobre los trabajos de acondicionamiento y asfaltado que, seg\u00fan explic\u00f3, se ejecutan o proyectan en diferentes sectores de la ciudad, incluyendo comunidades pertenecientes a la zona de\u00a0<strong>San Marcos<\/strong>. El funcionario ofreci\u00f3 los detalles durante una entrevista en el programa\u00a0<strong>\u201cINTERACTIVO DE NOTICIAS 037\u201d<\/strong>, producci\u00f3n de\u00a0<strong>Miavision<\/strong>, conducido por\u00a0<strong>Bienvenido Dur\u00e1n, Idaneci Qui\u00f1onez, El\u00edas Cris\u00f3stomo y Freddy V\u00e1squez<\/strong>.<\/p>\n\n\n\n<p class=\"wp-block-paragraph\">Al referirse espec\u00edficamente a San Marcos, G\u00f3mez se\u00f1al\u00f3 que sectores como&nbsp;<strong>Vista Bella<\/strong>&nbsp;y&nbsp;<strong>La Altagracia<\/strong>&nbsp;est\u00e1n contemplados dentro de las intervenciones viales mencionadas durante la conversaci\u00f3n. Explic\u00f3 que, de acuerdo con su planteamiento, se procura realizar previamente trabajos de preparaci\u00f3n de los terrenos antes de colocar el asfaltado, con el objetivo de mejorar la durabilidad de las obras.<\/p>\n\n\n\n<p class=\"wp-block-paragraph\">El funcionario tambi\u00e9n mencion\u00f3 otros sectores que, seg\u00fan sus declaraciones, han recibido trabajos de asfaltado durante los \u00faltimos a\u00f1os, entre ellos&nbsp;<strong>Monte Verde de San Marcos, Los Vieles II, Organizaci\u00f3n San Felipe, Buenaventura, Vallado, Cafemba y Los Palomos<\/strong>, adem\u00e1s de otras comunidades. G\u00f3mez sostuvo que estas intervenciones forman parte de un proceso que involucra al Ayuntamiento y otras instituciones p\u00fablicas.<\/p>\n\n\n\n<p class=\"wp-block-paragraph\">Durante la entrevista, una comunitaria de San Marcos expres\u00f3 inquietudes sobre las condiciones de las calles y pidi\u00f3 conocer qu\u00e9 acciones concretas se contemplan para esa zona. Ante la preocupaci\u00f3n, G\u00f3mez defendi\u00f3 la necesidad de que las obras viales sean ejecutadas con una preparaci\u00f3n adecuada, se\u00f1alando que las comunidades esperan soluciones que puedan mantenerse en el tiempo.<\/p>\n\n\n\n<p class=\"wp-block-paragraph\">Las declaraciones fueron ofrecidas por&nbsp;<strong>Jos\u00e9 Luis G\u00f3mez, director de Operaciones del Ayuntamiento de Puerto Plata<\/strong>, en&nbsp;<strong>\u201cINTERACTIVO DE NOTICIAS 037\u201d<\/strong>, una producci\u00f3n de&nbsp;<strong>Miavision<\/strong>, bajo la conducci\u00f3n de&nbsp;<strong>Bienvenido Dur\u00e1n, Idaneci Qui\u00f1onez, El\u00edas Cris\u00f3stomo y Freddy V\u00e1squez<\/strong>.<\/p>\n\n\n\n<p class=\"wp-block-paragraph\"><strong>Cobertura Nacional e Internacional:<\/strong>&nbsp;Miavision Televisi\u00f3n Nacional e Internacional,&nbsp;<strong>Canal 97 de Claro TV, Canal 1097 a nivel internacional para m\u00e1s de 65 pa\u00edses, Canal 1062 Wind y Canal 92 en todos los sistemas de cable<\/strong>.<\/p>\n","protected":false},"excerpt":{"rendered":"<p>Director de Operaciones del Ayuntamiento asegura que varias comunidades han sido incorporadas a jornadas de mejoramiento de sus calles MIAVISION PUERTO PLATA.\u2013\u00a0El director de Operaciones del Ayuntamiento de Puerto Plata,\u00a0Jos\u00e9 Luis G\u00f3mez, inform\u00f3 sobre los trabajos de acondicionamiento y asfaltado que, seg\u00fan explic\u00f3, se ejecutan o proyectan en diferentes sectores de la ciudad, incluyendo comunidades [&hellip;]<\/p>\n","protected":false},"author":4,"featured_media":1906,"comment_status":"open","ping_status":"open","sticky":false,"template":"","format":"standard","meta":{"footnotes":""},"categories":[5],"tags":[],"class_list":["post-1905","post","type-post","status-publish","format-standard","has-post-thumbnail","hentry","category-miavision-puerto-plata"],"_links":{"self":[{"href":"https:\/\/miavision.tv\/index.php\/wp-json\/wp\/v2\/posts\/1905","targetHints":{"allow":["GET"]}}],"collection":[{"href":"https:\/\/miavision.tv\/index.php\/wp-json\/wp\/v2\/posts"}],"about":[{"href":"https:\/\/miavision.tv\/index.php\/wp-json\/wp\/v2\/types\/post"}],"author":[{"embeddable":true,"href":"https:\/\/miavision.tv\/index.php\/wp-json\/wp\/v2\/users\/4"}],"replies":[{"embeddable":true,"href":"https:\/\/miavision.tv\/index.php\/wp-json\/wp\/v2\/comments?post=1905"}],"version-history":[{"count":1,"href":"https:\/\/miavision.tv\/index.php\/wp-json\/wp\/v2\/posts\/1905\/revisions"}],"predecessor-version":[{"id":1907,"href":"https:\/\/miavision.tv\/index.php\/wp-json\/wp\/v2\/posts\/1905\/revisions\/1907"}],"wp:featuredmedia":[{"embeddable":true,"href":"https:\/\/miavision.tv\/index.php\/wp-json\/wp\/v2\/media\/1906"}],"wp:attachment":[{"href":"https:\/\/miavision.tv\/index.php\/wp-json\/wp\/v2\/media?parent=1905"}],"wp:term":[{"taxonomy":"category","embeddable":true,"href":"https:\/\/miavision.tv\/index.php\/wp-json\/wp\/v2\/categories?post=1905"},{"taxonomy":"post_tag","embeddable":true,"href":"https:\/\/miavision.tv\/index.php\/wp-json\/wp\/v2\/tags?post=1905"}],"curies":[{"name":"wp","href":"https:\/\/api.w.org\/{rel}","templated":true}]}}