{"id":1902,"date":"2026-09-02T10:55:41","date_gmt":"2026-09-02T10:55:41","guid":{"rendered":"https:\/\/miavision.tv\/?p=1902"},"modified":"2026-09-02T10:55:41","modified_gmt":"2026-09-02T10:55:41","slug":"alcaldia-de-puerto-plata-fortalece-coordinacion-con-juntas-de-vecinos-para-atender-necesidades-comunitarias","status":"publish","type":"post","link":"https:\/\/miavision.tv\/index.php\/2026\/09\/02\/alcaldia-de-puerto-plata-fortalece-coordinacion-con-juntas-de-vecinos-para-atender-necesidades-comunitarias\/","title":{"rendered":"ALCALD\u00cdA DE PUERTO PLATA FORTALECE COORDINACI\u00d3N CON JUNTAS DE VECINOS PARA ATENDER NECESIDADES COMUNITARIAS"},"content":{"rendered":"\n<blockquote class=\"wp-block-quote is-layout-flow wp-block-quote-is-layout-flow\">\n<p class=\"wp-block-paragraph\"><strong>Jos\u00e9 Luis G\u00f3mez afirma que bacheo, aceras, contenes, limpieza y ornato forman parte de las acciones coordinadas con los sectores<\/strong><\/p>\n<\/blockquote>\n\n\n\n<p class=\"wp-block-paragraph\"><strong>MIAVISION PUERTO PLATA.\u2013<\/strong>&nbsp;El director de Operaciones del Ayuntamiento de Puerto Plata,&nbsp;<strong>Jos\u00e9 Luis G\u00f3mez<\/strong>, destac\u00f3 la coordinaci\u00f3n que desarrolla la administraci\u00f3n municipal con las juntas de vecinos para identificar y atender necesidades de diferentes sectores de la ciudad. Sus declaraciones fueron ofrecidas durante una entrevista en el programa&nbsp;<strong>\u201cINTERACTIVO DE NOTICIAS 037\u201d<\/strong>, una producci\u00f3n de&nbsp;<strong>Miavision<\/strong>, bajo la conducci\u00f3n de los comunicadores&nbsp;<strong>Bienvenido Dur\u00e1n, Idaneci Qui\u00f1onez, El\u00edas Cris\u00f3stomo y Freddy V\u00e1squez<\/strong>.<\/p>\n\n\n\n<p class=\"wp-block-paragraph\">G\u00f3mez explic\u00f3 que la instituci\u00f3n municipal mantiene comunicaci\u00f3n con dirigentes comunitarios, incluyendo la Federaci\u00f3n de Juntas de Vecinos, con el prop\u00f3sito de conocer las principales necesidades de los barrios y procurar respuestas desde las distintas \u00e1reas operativas del cabildo. Entre las solicitudes citadas figuran trabajos de bacheo, construcci\u00f3n y reparaci\u00f3n de badenes, aceras y contenes, adem\u00e1s de labores relacionadas con el ornato y la limpieza.<\/p>\n\n\n\n<p class=\"wp-block-paragraph\">El funcionario municipal sostuvo que estos trabajos se desarrollan mediante una coordinaci\u00f3n directa con los comunitarios y los presidentes de juntas de vecinos, quienes, seg\u00fan explic\u00f3, tambi\u00e9n participan planteando las prioridades de sus respectivos sectores. Indic\u00f3 que esta metodolog\u00eda permite dar seguimiento a las inquietudes que llegan a la Alcald\u00eda y canalizarlas hacia las \u00e1reas correspondientes.<\/p>\n\n\n\n<p class=\"wp-block-paragraph\">Durante la conversaci\u00f3n, G\u00f3mez resalt\u00f3 adem\u00e1s la importancia de que las autoridades mantengan un contacto permanente con las comunidades para conocer de primera mano las condiciones de los barrios. En ese contexto, se\u00f1al\u00f3 que el alcalde&nbsp;<strong>Roquelito Garc\u00eda<\/strong>&nbsp;ha involucrado a los directores departamentales en el seguimiento de diferentes solicitudes realizadas por moradores de la ciudad.<\/p>\n\n\n\n<p class=\"wp-block-paragraph\">Las declaraciones fueron ofrecidas por&nbsp;<strong>Jos\u00e9 Luis G\u00f3mez, director de Operaciones del Ayuntamiento de Puerto Plata<\/strong>, durante el programa&nbsp;<strong>\u201cINTERACTIVO DE NOTICIAS 037\u201d<\/strong>, producci\u00f3n de&nbsp;<strong>Miavision<\/strong>, conducido por&nbsp;<strong>Bienvenido Dur\u00e1n, Idaneci Qui\u00f1onez, El\u00edas Cris\u00f3stomo y Freddy V\u00e1squez<\/strong>.<\/p>\n\n\n\n<p class=\"wp-block-paragraph\"><strong>Cobertura Nacional e Internacional:<\/strong>&nbsp;Miavision Televisi\u00f3n Nacional e Internacional,&nbsp;<strong>Canal 97 de Claro TV, Canal 1097 a nivel internacional para m\u00e1s de 65 pa\u00edses, Canal 1062 Wind y Canal 92 en todos los sistemas de cable<\/strong>.<\/p>\n","protected":false},"excerpt":{"rendered":"<p>Jos\u00e9 Luis G\u00f3mez afirma que bacheo, aceras, contenes, limpieza y ornato forman parte de las acciones coordinadas con los sectores MIAVISION PUERTO PLATA.\u2013&nbsp;El director de Operaciones del Ayuntamiento de Puerto Plata,&nbsp;Jos\u00e9 Luis G\u00f3mez, destac\u00f3 la coordinaci\u00f3n que desarrolla la administraci\u00f3n municipal con las juntas de vecinos para identificar y atender necesidades de diferentes sectores de [&hellip;]<\/p>\n","protected":false},"author":4,"featured_media":1903,"comment_status":"open","ping_status":"open","sticky":false,"template":"","format":"standard","meta":{"footnotes":""},"categories":[5],"tags":[],"class_list":["post-1902","post","type-post","status-publish","format-standard","has-post-thumbnail","hentry","category-miavision-puerto-plata"],"_links":{"self":[{"href":"https:\/\/miavision.tv\/index.php\/wp-json\/wp\/v2\/posts\/1902","targetHints":{"allow":["GET"]}}],"collection":[{"href":"https:\/\/miavision.tv\/index.php\/wp-json\/wp\/v2\/posts"}],"about":[{"href":"https:\/\/miavision.tv\/index.php\/wp-json\/wp\/v2\/types\/post"}],"author":[{"embeddable":true,"href":"https:\/\/miavision.tv\/index.php\/wp-json\/wp\/v2\/users\/4"}],"replies":[{"embeddable":true,"href":"https:\/\/miavision.tv\/index.php\/wp-json\/wp\/v2\/comments?post=1902"}],"version-history":[{"count":1,"href":"https:\/\/miavision.tv\/index.php\/wp-json\/wp\/v2\/posts\/1902\/revisions"}],"predecessor-version":[{"id":1904,"href":"https:\/\/miavision.tv\/index.php\/wp-json\/wp\/v2\/posts\/1902\/revisions\/1904"}],"wp:featuredmedia":[{"embeddable":true,"href":"https:\/\/miavision.tv\/index.php\/wp-json\/wp\/v2\/media\/1903"}],"wp:attachment":[{"href":"https:\/\/miavision.tv\/index.php\/wp-json\/wp\/v2\/media?parent=1902"}],"wp:term":[{"taxonomy":"category","embeddable":true,"href":"https:\/\/miavision.tv\/index.php\/wp-json\/wp\/v2\/categories?post=1902"},{"taxonomy":"post_tag","embeddable":true,"href":"https:\/\/miavision.tv\/index.php\/wp-json\/wp\/v2\/tags?post=1902"}],"curies":[{"name":"wp","href":"https:\/\/api.w.org\/{rel}","templated":true}]}}