{"id":1895,"date":"2026-09-01T16:59:47","date_gmt":"2026-09-01T16:59:47","guid":{"rendered":"https:\/\/miavision.tv\/?p=1895"},"modified":"2026-09-01T16:59:47","modified_gmt":"2026-09-01T16:59:47","slug":"alcalde-de-altamira-anuncia-solucion-a-crisis-por-acumulacion-de-residuos-solidos","status":"publish","type":"post","link":"https:\/\/miavision.tv\/index.php\/2026\/09\/01\/alcalde-de-altamira-anuncia-solucion-a-crisis-por-acumulacion-de-residuos-solidos\/","title":{"rendered":"ALCALDE DE ALTAMIRA ANUNCIA SOLUCI\u00d3N A CRISIS POR ACUMULACI\u00d3N DE RESIDUOS S\u00d3LIDOS"},"content":{"rendered":"\n<blockquote class=\"wp-block-quote is-layout-flow wp-block-quote-is-layout-flow\">\n<p class=\"wp-block-paragraph\"><strong>Luis Joher Francisco destaca acuerdo que permitir\u00e1 reanudar la disposici\u00f3n de desechos y llama a valorar los beneficios de una gesti\u00f3n integral de residuos<\/strong><\/p>\n<\/blockquote>\n\n\n\n<p class=\"wp-block-paragraph\"><strong>MIAVISION PUERTO PLATA.-<\/strong>&nbsp;El alcalde de Altamira,&nbsp;<strong>Luis Joher Francisco<\/strong>, inform\u00f3 que fue superada la situaci\u00f3n que hab\u00eda provocado dificultades para la disposici\u00f3n de los residuos s\u00f3lidos generados en el municipio, luego de una sesi\u00f3n extraordinaria en la que participaron representantes vinculados al manejo de los desechos. El ejecutivo municipal ofreci\u00f3 estas declaraciones durante una entrevista telef\u00f3nica en el programa&nbsp;<strong>\u201cINTERACTIVO DE NOTICIAS 037\u201d<\/strong>, una producci\u00f3n de&nbsp;<strong>MiAvisi\u00f3n<\/strong>.<\/p>\n\n\n\n<p class=\"wp-block-paragraph\">Francisco explic\u00f3 que, tras las conversaciones sostenidas durante la sesi\u00f3n, se logr\u00f3 una salida que permitir\u00e1 al Ayuntamiento continuar llevando los residuos al centro de acopio ubicado en&nbsp;<strong>P\u00e9rez<\/strong>, en la zona donde tradicionalmente se ha dispuesto parte de los desechos de Altamira. Se\u00f1al\u00f3 que la soluci\u00f3n alcanzada permitir\u00e1 normalizar el servicio de recogida de basura, luego de varios d\u00edas de dificultades que afectaron directamente a la comunidad.<\/p>\n\n\n\n<p class=\"wp-block-paragraph\">Durante la conversaci\u00f3n, el alcalde tambi\u00e9n se refiri\u00f3 al proceso de contrataci\u00f3n relacionado con la gesti\u00f3n de residuos y a las diferencias surgidas en torno al per\u00edodo de duraci\u00f3n del acuerdo. Explic\u00f3 que el tema fue discutido con las partes involucradas y que se encaminaban los documentos correspondientes para formalizar la soluci\u00f3n, destacando la importancia de alcanzar entendimientos que permitan enfrentar de manera sostenible el problema de los residuos s\u00f3lidos.<\/p>\n\n\n\n<p class=\"wp-block-paragraph\">El ejecutivo municipal resalt\u00f3 que uno de los principales beneficios de contar con un sistema organizado para la disposici\u00f3n final de los desechos es evitar situaciones como las que durante a\u00f1os han afectado a distintas comunidades, incluyendo la acumulaci\u00f3n de basura y la falta de espacios adecuados para su disposici\u00f3n. Tambi\u00e9n mencion\u00f3 el esquema mediante el cual los ayuntamientos podr\u00edan recibir recursos destinados a fortalecer los servicios relacionados con la gesti\u00f3n de residuos.<\/p>\n\n\n\n<p class=\"wp-block-paragraph\">La entrevista fue realizada en&nbsp;<strong>\u201cINTERACTIVO DE NOTICIAS 037\u201d<\/strong>, bajo la conducci\u00f3n de los comunicadores&nbsp;<strong>Cosme Ulloa, Idaneci Qui\u00f1onez, El\u00edas Cris\u00f3stomo y Diomedes Hilario<\/strong>, quienes abordaron con el alcalde los principales aspectos de la problem\u00e1tica y la respuesta institucional.&nbsp;<strong>MiAvisi\u00f3n Televisi\u00f3n Nacional e Internacional<\/strong>&nbsp;mantiene su cobertura a trav\u00e9s del&nbsp;<strong>Canal 97 de Claro TV, Canal 1097 a nivel internacional para m\u00e1s de 65 pa\u00edses, Canal 1062 de Wind y Canal 92 en todos los sistemas de cable<\/strong>, llevando informaci\u00f3n de inter\u00e9s nacional e internacional.<\/p>\n","protected":false},"excerpt":{"rendered":"<p>Luis Joher Francisco destaca acuerdo que permitir\u00e1 reanudar la disposici\u00f3n de desechos y llama a valorar los beneficios de una gesti\u00f3n integral de residuos MIAVISION PUERTO PLATA.-&nbsp;El alcalde de Altamira,&nbsp;Luis Joher Francisco, inform\u00f3 que fue superada la situaci\u00f3n que hab\u00eda provocado dificultades para la disposici\u00f3n de los residuos s\u00f3lidos generados en el municipio, luego de [&hellip;]<\/p>\n","protected":false},"author":4,"featured_media":1896,"comment_status":"open","ping_status":"open","sticky":false,"template":"","format":"standard","meta":{"footnotes":""},"categories":[5],"tags":[],"class_list":["post-1895","post","type-post","status-publish","format-standard","has-post-thumbnail","hentry","category-miavision-puerto-plata"],"_links":{"self":[{"href":"https:\/\/miavision.tv\/index.php\/wp-json\/wp\/v2\/posts\/1895","targetHints":{"allow":["GET"]}}],"collection":[{"href":"https:\/\/miavision.tv\/index.php\/wp-json\/wp\/v2\/posts"}],"about":[{"href":"https:\/\/miavision.tv\/index.php\/wp-json\/wp\/v2\/types\/post"}],"author":[{"embeddable":true,"href":"https:\/\/miavision.tv\/index.php\/wp-json\/wp\/v2\/users\/4"}],"replies":[{"embeddable":true,"href":"https:\/\/miavision.tv\/index.php\/wp-json\/wp\/v2\/comments?post=1895"}],"version-history":[{"count":1,"href":"https:\/\/miavision.tv\/index.php\/wp-json\/wp\/v2\/posts\/1895\/revisions"}],"predecessor-version":[{"id":1897,"href":"https:\/\/miavision.tv\/index.php\/wp-json\/wp\/v2\/posts\/1895\/revisions\/1897"}],"wp:featuredmedia":[{"embeddable":true,"href":"https:\/\/miavision.tv\/index.php\/wp-json\/wp\/v2\/media\/1896"}],"wp:attachment":[{"href":"https:\/\/miavision.tv\/index.php\/wp-json\/wp\/v2\/media?parent=1895"}],"wp:term":[{"taxonomy":"category","embeddable":true,"href":"https:\/\/miavision.tv\/index.php\/wp-json\/wp\/v2\/categories?post=1895"},{"taxonomy":"post_tag","embeddable":true,"href":"https:\/\/miavision.tv\/index.php\/wp-json\/wp\/v2\/tags?post=1895"}],"curies":[{"name":"wp","href":"https:\/\/api.w.org\/{rel}","templated":true}]}}