{"id":1524,"date":"2026-04-24T01:33:09","date_gmt":"2026-04-24T01:33:09","guid":{"rendered":"https:\/\/miavision.tv\/?p=1524"},"modified":"2026-04-24T01:33:09","modified_gmt":"2026-04-24T01:33:09","slug":"gobernadora-claritza-rochtte-destaca-respuesta-inmediata-del-gobierno-ante-emergencia-en-montellano","status":"publish","type":"post","link":"https:\/\/miavision.tv\/index.php\/2026\/04\/24\/gobernadora-claritza-rochtte-destaca-respuesta-inmediata-del-gobierno-ante-emergencia-en-montellano\/","title":{"rendered":"GOBERNADORA CLARITZA ROCHTTE DESTACA RESPUESTA INMEDIATA DEL GOBIERNO ANTE EMERGENCIA EN MONTELLANO"},"content":{"rendered":"\n<p>VILLA MONTELLANO, PUERTO PLATA.\u2013 La gobernadora provincial de Puerto Plata, Claritza Rochtte de Senior, resalt\u00f3 la r\u00e1pida respuesta del Gobierno central ante la emergencia que afect\u00f3 al municipio de Villa Montellano, destacando la coordinaci\u00f3n interinstitucional y el apoyo brindado a las comunidades impactadas.<\/p>\n\n\n\n<p>Durante su participaci\u00f3n en el programa especial \u201cEn Vivo y Directo\u201d, transmitido desde el Operativo M\u00e9dico organizado por la Fundaci\u00f3n Cruz Jiminian en Montellano, la funcionaria explic\u00f3 que desde las primeras alertas meteorol\u00f3gicas se activaron los protocolos de prevenci\u00f3n junto a los organismos de socorro.<\/p>\n\n\n\n<p>La entrevista fue realizada bajo la conducci\u00f3n de los comunicadores Julio C\u00e9sar D\u00edaz y Sugel Gonz\u00e1lez, en una producci\u00f3n de Miavisi\u00f3n Televisi\u00f3n Nacional e Internacional, donde la gobernadora detall\u00f3 que desde tempranas horas se mantuvo en constante comunicaci\u00f3n con las autoridades locales y nacionales para garantizar la asistencia a los sectores afectados.<\/p>\n\n\n\n<p>Rochtte de Senior explic\u00f3 que, tras recibir reportes de lluvias intensas en varias comunidades, se dispuso la movilizaci\u00f3n de equipos de emergencia y la coordinaci\u00f3n desde puntos estrat\u00e9gicos, lo que permiti\u00f3 asistir a las familias afectadas y evitar situaciones de mayor riesgo.<\/p>\n\n\n\n<p>La representante del Poder Ejecutivo reiter\u00f3 que el Gobierno mantiene su compromiso con la recuperaci\u00f3n total del municipio, asegurando que las acciones ejecutadas forman parte de un plan integral para fortalecer la seguridad y el bienestar de los habitantes de Montellano.<\/p>\n\n\n\n<p>Cobertura nacional e internacional:<br>Miavisi\u00f3n Televisi\u00f3n Nacional e Internacional se transmite por canal 97 de Claro TV y 1097 a nivel internacional para m\u00e1s de 65 pa\u00edses, canal 1062 de Wind Telecom y canal 92 en todos los sistemas de cable.<\/p>\n","protected":false},"excerpt":{"rendered":"<p>VILLA MONTELLANO, PUERTO PLATA.\u2013 La gobernadora provincial de Puerto Plata, Claritza Rochtte de Senior, resalt\u00f3 la r\u00e1pida respuesta del Gobierno central ante la emergencia que afect\u00f3 al municipio de Villa Montellano, destacando la coordinaci\u00f3n interinstitucional y el apoyo brindado a las comunidades impactadas. Durante su participaci\u00f3n en el programa especial \u201cEn Vivo y Directo\u201d, transmitido [&hellip;]<\/p>\n","protected":false},"author":3,"featured_media":1525,"comment_status":"open","ping_status":"open","sticky":false,"template":"","format":"standard","meta":{"footnotes":""},"categories":[5],"tags":[],"class_list":["post-1524","post","type-post","status-publish","format-standard","has-post-thumbnail","hentry","category-miavision-puerto-plata"],"_links":{"self":[{"href":"https:\/\/miavision.tv\/index.php\/wp-json\/wp\/v2\/posts\/1524","targetHints":{"allow":["GET"]}}],"collection":[{"href":"https:\/\/miavision.tv\/index.php\/wp-json\/wp\/v2\/posts"}],"about":[{"href":"https:\/\/miavision.tv\/index.php\/wp-json\/wp\/v2\/types\/post"}],"author":[{"embeddable":true,"href":"https:\/\/miavision.tv\/index.php\/wp-json\/wp\/v2\/users\/3"}],"replies":[{"embeddable":true,"href":"https:\/\/miavision.tv\/index.php\/wp-json\/wp\/v2\/comments?post=1524"}],"version-history":[{"count":1,"href":"https:\/\/miavision.tv\/index.php\/wp-json\/wp\/v2\/posts\/1524\/revisions"}],"predecessor-version":[{"id":1526,"href":"https:\/\/miavision.tv\/index.php\/wp-json\/wp\/v2\/posts\/1524\/revisions\/1526"}],"wp:featuredmedia":[{"embeddable":true,"href":"https:\/\/miavision.tv\/index.php\/wp-json\/wp\/v2\/media\/1525"}],"wp:attachment":[{"href":"https:\/\/miavision.tv\/index.php\/wp-json\/wp\/v2\/media?parent=1524"}],"wp:term":[{"taxonomy":"category","embeddable":true,"href":"https:\/\/miavision.tv\/index.php\/wp-json\/wp\/v2\/categories?post=1524"},{"taxonomy":"post_tag","embeddable":true,"href":"https:\/\/miavision.tv\/index.php\/wp-json\/wp\/v2\/tags?post=1524"}],"curies":[{"name":"wp","href":"https:\/\/api.w.org\/{rel}","templated":true}]}}